{"id":144,"date":"2012-09-24T23:22:16","date_gmt":"2012-09-24T21:22:16","guid":{"rendered":"http:\/\/www.atd-quartmonde.fr\/brunotardieu\/?p=144"},"modified":"2012-09-24T23:22:16","modified_gmt":"2012-09-24T21:22:16","slug":"le-gouvernement-doit-introduire-le-racisme-anti-pauvre-dans-la-loi","status":"publish","type":"post","link":"https:\/\/blogs.atd-quartmonde.fr\/brunotardieu\/2012\/09\/24\/le-gouvernement-doit-introduire-le-racisme-anti-pauvre-dans-la-loi\/","title":{"rendered":"Le gouvernement doit introduire le \u00ab racisme anti-pauvre \u00bb dans la loi"},"content":{"rendered":"<p><em>Voici la tribune que j&rsquo;ai publi\u00e9e sur www.rue89.com le 20 septembre 2012.<\/em><\/p>\n<p>\u00ab\u00a0Quand je vais \u00e0 la mairie toute seule pour demander un logement, on me traite mal. Si j\u2019y vais avec quelqu\u2019un d\u2019ATD Quart Monde, on me traite bien, il y a un truc quand m\u00eame\u00a0\u00bb, expliquait Gaetane Lanciaux lors de l\u2019audition d\u2019ATD Quart Monde par le Comit\u00e9 consultatif de la Halde [Haute autorit\u00e9 de lutte contre les discriminations et pour l\u2019\u00e9galit\u00e9], en septembre 2010.<\/p>\n<p>A la suite de cette audition, la Halde, avant de passer le relais au D\u00e9fenseur des droits, a \u00ab\u00a0recommand\u00e9 au gouvernement de mener une r\u00e9flexion sur l\u2019int\u00e9gration du crit\u00e8re de l\u2019origine sociale dans la liste des crit\u00e8res prohib\u00e9s et sur les modalit\u00e9s de prise en compte des pr\u00e9jug\u00e9s et st\u00e9r\u00e9otypes dont souffrent les personnes en situation pr\u00e9caire\u00a0\u00bb. Il appartient donc d\u00e9sormais au gouvernement de prendre position sur cette question.<!--more--><\/p>\n<p>Politiquement, l\u2019acte est simple. Il suffirait, par exemple, de ratifier le <a href=\"http:\/\/conventions.coe.int\/Treaty\/fr\/Summaries\/Html\/177.htm\" target=\"_blank\">protocole 12<\/a> de la Convention europ\u00e9enne des droits de l\u2019Homme pour introduire ce nouveau crit\u00e8re de discrimination pour \u00ab\u00a0raison de fortune\u00a0\u00bb que dix-huit pays europ\u00e9ens ont d\u00e9j\u00e0 ratifi\u00e9.<\/p>\n<p>La conf\u00e9rence sur la pauvret\u00e9 et l\u2019exclusion sociale annonc\u00e9e pour l\u2019automne pourrait en \u00eatre l\u2019occasion.<\/p>\n<p>Cette mise \u00e0 l\u00ab\u00a0index du \u201c racisme anti-pauvre \u201d serait un signe fort que le gouvernement pourrait donner pour mobiliser notre pays et qui changerait la place des personnes tr\u00e8s pauvres dans notre soci\u00e9t\u00e9.<\/p>\n<h2>Pourquoi demander cet acte politique\u00a0?<\/h2>\n<p>La d\u00e9termination des <a href=\"http:\/\/www.legifrance.gouv.fr\/affichCodeArticle.do?idArticle=LEGIARTI000006417831&amp;cidTexte=LEGITEXT000006070719\" target=\"_blank\">crit\u00e8res actuels de discrimination<\/a> n\u2019a certes pas supprim\u00e9 les comportements et les propos racistes, homophobes et autres\u2026 mais elle a permis de les rendre ill\u00e9gitimes. Ainsi on a sensibilis\u00e9 l\u2019opinion publique et les m\u00e9dias, engag\u00e9 des campagnes de communication pour d\u00e9noncer ces discriminations\u2026 D\u00e9sormais elles sont reconnues par tous comme inacceptables.<\/p>\n<p>Aujourd\u2019hui, un enfant qui subit des insultes racistes sait que ce comportement n\u2019est pas admissible aux yeux de la R\u00e9publique. Il peut s\u2019appuyer sur ce consensus pour se construire et les autres enfants dans la cour de r\u00e9cr\u00e9ation vont condamner des propos racistes. Vis-\u00e0-vis d\u2019une insulte qui porte sur son origine sociale, l\u2019enfant n\u2019a pas ces recours et n\u2019a d\u2019autre solution que d\u2019int\u00e9rioriser l\u2019insulte.<\/p>\n<p>Pour la discrimination sociale, nous sommes dans le d\u00e9ni\u00a0: le m\u00e9pris envers les pauvres n\u2019est pas nomm\u00e9. Ceux-ci, \u00e0 force d\u2019\u00eatre stigmatis\u00e9s sans pouvoir se d\u00e9fendre, en arrivent \u00e0 consid\u00e9rer qu\u2019ils n\u2019ont pas les m\u00eames droits que les autres, ou renoncent \u00e0 demander leurs droits.<\/p>\n<h2>La France semble pr\u00eate<\/h2>\n<p>Traiter un enfant de \u201c cas soc\u2019 \u201d, de \u201c SDF \u201d parce qu\u2019il vit de fa\u00e7on pr\u00e9caire \u00e0 l\u2019h\u00f4tel avec sa famille, de \u201c racaille \u201d parce qu\u2019il vit dans une cit\u00e9 d\u00e9grad\u00e9e\u00a0; interdire l\u2019acc\u00e8s \u00e0 la cantine aux enfants de ch\u00f4meurs\u00a0; refuser un logement \u00e0 une famille parce que ses revenus viennent de l\u2019aide sociale, rabaisser encore davantage une personne d\u00e8s lors que, malgr\u00e9 sa situation de pauvret\u00e9, elle ose relever la t\u00eate\u2026 tous ces comportements deviendront r\u00e9pr\u00e9hensibles et, petit \u00e0 petit, ne seront plus accept\u00e9s.<\/p>\n<p>Lorsqu\u2019une telle l\u00e9gislation a \u00e9t\u00e9 cr\u00e9\u00e9e au Canada, certains craignaient que les personnes pauvres envahissent les tribunaux pour toutes les injustices qu\u2019elles subissent. Des \u00e9tudes (voir les travaux de Diane Roman, professeur de droit \u00e0 Nanterre sur la Commission des droits de la personne au Qu\u00e9bec) ont montr\u00e9 qu\u2019il n\u2019en \u00e9tait rien, et que les quelques situations effectivement port\u00e9es devant les tribunaux ont eu un impact p\u00e9dagogique sur les populations d\u00e9favoris\u00e9es et sur ceux qui les c\u00f4toient.<\/p>\n<p>La France semble pr\u00eate \u00e0 ce nouveau pas vers un vrai refus de la mis\u00e8re.<\/p>\n<p>Nous souhaitons vivement que le gouvernement saisisse le Parlement de cette question d\u00e8s cet automne. Les plus d\u00e9munis, qui subissent la violence du m\u00e9pris sans que celle-ci n\u2019ait jamais \u00e9t\u00e9 reconnue, percevront imm\u00e9diatement l\u2019importance de ce geste. Ils y verront le signe que la mobilisation pour rendre effectifs les droits fondamentaux est bien r\u00e9elle, ce qui leur redonnera confiance dans les institutions.<\/p>\n","protected":false},"excerpt":{"rendered":"<p>Voici la tribune que j&rsquo;ai publi\u00e9e sur www.rue89.com le 20 septembre 2012. \u00ab\u00a0Quand je vais \u00e0 la mairie toute seule pour demander un logement, on me traite mal. Si j\u2019y vais avec quelqu\u2019un d\u2019ATD Quart Monde, on me traite bien, &hellip; <a href=\"https:\/\/blogs.atd-quartmonde.fr\/brunotardieu\/2012\/09\/24\/le-gouvernement-doit-introduire-le-racisme-anti-pauvre-dans-la-loi\/\">Continuer la lecture <span class=\"meta-nav\">&rarr;<\/span><\/a><\/p>\n","protected":false},"author":2,"featured_media":0,"comment_status":"open","ping_status":"open","sticky":false,"template":"","format":"standard","meta":{"footnotes":""},"categories":[2],"tags":[16],"class_list":["post-144","post","type-post","status-publish","format-standard","hentry","category-articles-de-presse-et-extraits-douvrages","tag-stigmatisation"],"post_mailing_queue_ids":[],"_links":{"self":[{"href":"https:\/\/blogs.atd-quartmonde.fr\/brunotardieu\/wp-json\/wp\/v2\/posts\/144","targetHints":{"allow":["GET"]}}],"collection":[{"href":"https:\/\/blogs.atd-quartmonde.fr\/brunotardieu\/wp-json\/wp\/v2\/posts"}],"about":[{"href":"https:\/\/blogs.atd-quartmonde.fr\/brunotardieu\/wp-json\/wp\/v2\/types\/post"}],"author":[{"embeddable":true,"href":"https:\/\/blogs.atd-quartmonde.fr\/brunotardieu\/wp-json\/wp\/v2\/users\/2"}],"replies":[{"embeddable":true,"href":"https:\/\/blogs.atd-quartmonde.fr\/brunotardieu\/wp-json\/wp\/v2\/comments?post=144"}],"version-history":[{"count":0,"href":"https:\/\/blogs.atd-quartmonde.fr\/brunotardieu\/wp-json\/wp\/v2\/posts\/144\/revisions"}],"wp:attachment":[{"href":"https:\/\/blogs.atd-quartmonde.fr\/brunotardieu\/wp-json\/wp\/v2\/media?parent=144"}],"wp:term":[{"taxonomy":"category","embeddable":true,"href":"https:\/\/blogs.atd-quartmonde.fr\/brunotardieu\/wp-json\/wp\/v2\/categories?post=144"},{"taxonomy":"post_tag","embeddable":true,"href":"https:\/\/blogs.atd-quartmonde.fr\/brunotardieu\/wp-json\/wp\/v2\/tags?post=144"}],"curies":[{"name":"wp","href":"https:\/\/api.w.org\/{rel}","templated":true}]}}