{"id":208,"date":"2014-07-08T09:45:40","date_gmt":"2014-07-08T09:45:40","guid":{"rendered":"http:\/\/www.atd-quartmonde.fr\/brunotardieu\/?p=208"},"modified":"2014-07-08T09:45:40","modified_gmt":"2014-07-08T09:45:40","slug":"relire-8-ans-comme-delegue-national-atd-quart-monde-france","status":"publish","type":"post","link":"https:\/\/blogs.atd-quartmonde.fr\/brunotardieu\/2014\/07\/08\/relire-8-ans-comme-delegue-national-atd-quart-monde-france\/","title":{"rendered":"Relire 8 ans comme d\u00e9l\u00e9gu\u00e9 national ATD Quart Monde France"},"content":{"rendered":"<p>Recevoir la confiance et la redonner. Article de Feuille de Route Quart Monde. Juillet 2014<\/p>\n<p>Apr\u00e8s huit ann\u00e9es comme D\u00e9l\u00e9gu\u00e9 national, Bruno Tardieu passe le relais \u00e0 la nouvelle \u00e9quipe.<br \/>\nD&rsquo;o\u00f9 vient l&rsquo;\u00e9nergie que vous avez d\u00e9ploy\u00e9e pendant huit ans ?<a href=\"https:\/\/blogs.atd-quartmonde.fr\/brunotardieu\/wp-content\/uploads\/sites\/7\/2014\/07\/132_0200.jpg\" data-rel=\"lightbox-image-0\" data-rl_title=\"\" data-rl_caption=\"\" title=\"\"><img loading=\"lazy\" decoding=\"async\" class=\"aligncenter wp-image-230\" src=\"https:\/\/blogs.atd-quartmonde.fr\/brunotardieu\/wp-content\/uploads\/sites\/7\/2014\/07\/132_0200.jpg\" alt=\"132_0200\" width=\"472\" height=\"356\" \/><\/a><\/p>\n<p>On ressent une sorte d&rsquo;honneur du fait que les familles tr\u00e8s pauvres font confiance \u00e0 notre Mouvement et \u00e0 sa D\u00e9l\u00e9gation nationale. Nous h\u00e9ritons de la confiance qu&rsquo;elles ont accord\u00e9e \u00e0 Joseph Wresinski parce qu&rsquo;il avait la m\u00eame exp\u00e9rience qu&rsquo;elles de la mis\u00e8re. Leur confiance et leur courage donnent des ailes et cr\u00e9ent de grandes exigences. C&rsquo;est aussi avec une grande confiance que je passe le relais \u00e0 la nouvelle \u00e9quipe.<\/p>\n<p>Comment concevez-vous le r\u00f4le de la D\u00e9l\u00e9gation nationale ?<\/p>\n<p>Le risque est de devenir des d\u00e9cideurs. Je pense que le r\u00f4le de la D\u00e9l\u00e9gation nationale est en r\u00e9alit\u00e9 plus de convaincre et de cr\u00e9er des accords que de d\u00e9cider. Cr\u00e9er un pouvoir d&rsquo;agir collectif demande \u00e0 tout le monde de bouger. C&rsquo;est passionnant du point de vue de notre d\u00e9mocratie et de notre avenir \u00e0 tous. J&rsquo;ai \u00e9t\u00e9 tr\u00e8s \u00e9mu pendant ces huit ann\u00e9es de voir certaines personnes arriver \u00e0 penser ensemble. Bien qu&rsquo;elles soient en opposition sur des questions fondamentales, elles se retrouvaient autour de la conviction qu&rsquo;exclure l&rsquo;autre est contre nature.<!--more--><\/p>\n<p>La diversit\u00e9 devient alors un atout&#8230;<\/p>\n<p>Les membres du Mouvement sont tr\u00e8s peu ob\u00e9issants. Mais s&rsquo;ils sont convaincus, ils ont une \u00e9nergie consid\u00e9rable. Certains sont parfois tr\u00e8s indign\u00e9s par une situation et ne comprennent pas que d&rsquo;autres ne s&rsquo;indignent de la m\u00eame fa\u00e7on. Il existe des conflits \u00e0 ATD Quart Monde comme partout ailleurs. Chez nous, ils sont moins \u00e9cras\u00e9s par une autorit\u00e9, car il y a beaucoup d&rsquo;horizontalit\u00e9. Cela peut \u00eatre une difficult\u00e9. Mais beaucoup de nos membres prennent aussi conscience que les conflits peuvent paralyser notre action et que chacun de nous doit l\u00e2cher une partie de son id\u00e9ologie pour trouver une fraternit\u00e9 qui, disait Genevi\u00e8ve de Gaulle (Pr\u00e9sidente d&rsquo;ATD Quart Monde en France entre 1964 et 1998), est le secret des combats. C&rsquo;est aussi cela qui emp\u00eache notre mouvement de devenir justicier.<\/p>\n<p>Il y a un devoir d&rsquo;unit\u00e9 \u00e0 ATD Quart Monde ?<\/p>\n<p>Oui. Qui va parfois jusqu&rsquo;\u00e0 ne pas faire ce que chacun a envie de faire. En restant dans ce Mouvement, nous acceptons le d\u00e9fi d&rsquo;une grande diversit\u00e9 politique, philosophique, religieuse, et d&rsquo;essayer de ne jamais \u00eatre partisan, except\u00e9 du parti des plus exclus. C&rsquo;est le d\u00e9fi de la fraternit\u00e9 de croire que la mis\u00e8re n&rsquo;est pas caus\u00e9e par telle ou telle cat\u00e9gorie sociale. \u00c0 ATD Quart Monde, il y a des repr\u00e9sentants de chaque cat\u00e9gorie. Nous travaillons \u00e0 la critique de certaines id\u00e9ologies, mais nous ne pouvons pas nous faire des ennemis durables. Nos partenaires appr\u00e9cient qu&rsquo;ATD Quart Monde ait un projet clair : la priorit\u00e9 aux plus \u00e9loign\u00e9s de tout pouvoir, et rien d&rsquo;autre.<\/p>\n<p>&nbsp;<\/p>\n","protected":false},"excerpt":{"rendered":"<p>Recevoir la confiance et la redonner. Article de Feuille de Route Quart Monde. Juillet 2014 Apr\u00e8s huit ann\u00e9es comme D\u00e9l\u00e9gu\u00e9 national, Bruno Tardieu passe le relais \u00e0 la nouvelle \u00e9quipe. D&rsquo;o\u00f9 vient l&rsquo;\u00e9nergie que vous avez d\u00e9ploy\u00e9e pendant huit ans &hellip; <a href=\"https:\/\/blogs.atd-quartmonde.fr\/brunotardieu\/2014\/07\/08\/relire-8-ans-comme-delegue-national-atd-quart-monde-france\/\">Continuer la lecture <span class=\"meta-nav\">&rarr;<\/span><\/a><\/p>\n","protected":false},"author":18,"featured_media":0,"comment_status":"open","ping_status":"open","sticky":false,"template":"","format":"standard","meta":{"footnotes":""},"categories":[2],"tags":[11,13],"class_list":["post-208","post","type-post","status-publish","format-standard","hentry","category-articles-de-presse-et-extraits-douvrages","tag-gouvernance","tag-legitimer"],"post_mailing_queue_ids":[],"_links":{"self":[{"href":"https:\/\/blogs.atd-quartmonde.fr\/brunotardieu\/wp-json\/wp\/v2\/posts\/208","targetHints":{"allow":["GET"]}}],"collection":[{"href":"https:\/\/blogs.atd-quartmonde.fr\/brunotardieu\/wp-json\/wp\/v2\/posts"}],"about":[{"href":"https:\/\/blogs.atd-quartmonde.fr\/brunotardieu\/wp-json\/wp\/v2\/types\/post"}],"author":[{"embeddable":true,"href":"https:\/\/blogs.atd-quartmonde.fr\/brunotardieu\/wp-json\/wp\/v2\/users\/18"}],"replies":[{"embeddable":true,"href":"https:\/\/blogs.atd-quartmonde.fr\/brunotardieu\/wp-json\/wp\/v2\/comments?post=208"}],"version-history":[{"count":0,"href":"https:\/\/blogs.atd-quartmonde.fr\/brunotardieu\/wp-json\/wp\/v2\/posts\/208\/revisions"}],"wp:attachment":[{"href":"https:\/\/blogs.atd-quartmonde.fr\/brunotardieu\/wp-json\/wp\/v2\/media?parent=208"}],"wp:term":[{"taxonomy":"category","embeddable":true,"href":"https:\/\/blogs.atd-quartmonde.fr\/brunotardieu\/wp-json\/wp\/v2\/categories?post=208"},{"taxonomy":"post_tag","embeddable":true,"href":"https:\/\/blogs.atd-quartmonde.fr\/brunotardieu\/wp-json\/wp\/v2\/tags?post=208"}],"curies":[{"name":"wp","href":"https:\/\/api.w.org\/{rel}","templated":true}]}}