{"id":282,"date":"2015-11-24T16:45:31","date_gmt":"2015-11-24T16:45:31","guid":{"rendered":"http:\/\/www.atd-quartmonde.fr\/brunotardieu\/?p=282"},"modified":"2015-11-24T16:45:31","modified_gmt":"2015-11-24T16:45:31","slug":"recensions-du-livre-quand-un-peuple-parle","status":"publish","type":"post","link":"https:\/\/blogs.atd-quartmonde.fr\/brunotardieu\/2015\/11\/24\/recensions-du-livre-quand-un-peuple-parle\/","title":{"rendered":"Recensions du livre \u00ab\u00a0Quand un peuple parle\u00a0\u00bb"},"content":{"rendered":"<p>Le livre Quand un peuple parle Ed La d\u00e9couverte est paru il y a deux mois, et il y a plusieurs recensions dans des journaux grand public, mais aussi des revues et des sites professionnels. Je vais reproduire ici quelques unes pour encourager les lecteurs qui le peuvent \u00e0 faire et publier des critiques dans leurs r\u00e9seaux ou sur les sites de ventes de livres. Voici d\u00e9j\u00e0 une critique de Boris Petrov ancien DGA du conseil d\u00e9partemental du Val de Marne sur le site www.adtinet.fr\u00a0 de l&rsquo;Association des dirigeants territoriaux et anciens\u00a0 de l&rsquo;Inet.<\/p>\n<p>Quand un peuple parle<\/p>\n<p>C\u2019est le titre de l\u2019ouvrage \u00e9crit par Bruno TARDIEU, qui fut d\u00e9l\u00e9gu\u00e9 national d\u2019ATD Quart Monde de 2006 \u00e0 2014.<\/p>\n<p>Notre site a une vocation de partage de contributions diverses et vari\u00e9es, susceptibles de nous amener \u00e0 r\u00e9fl\u00e9chir sur nos pratiques professionnelles et \u00e0 rester \u00e9veill\u00e9s et attentifs au monde, celui qui se voit et celui aussi des invisibles. C\u2019est ce que nous propose Boris PETROFF \u00e0 travers cette belle fiche de lecture teint\u00e9e d\u2019un grand humanisme, que nous vous proposons de lire et de partager largement.<\/p>\n<p>\u00ab\u00a0quand parle ce peuple que nous avons condamn\u00e9 au silence sans m\u00eame jugement,<\/p>\n<p>quand il nous dit son droit d\u2019\u00eatre consid\u00e9r\u00e9 comme un peuple d\u2019hommes et de femmes, dignes et cr\u00e9atifs, comme tous les autres peuples<\/p>\n<p>quand il d\u00e9nie notre droit \u00e0 charit\u00e9 \u00e0 son \u00e9gard parce qu\u2019aussi injustifiable que douloureuse, aussi m\u00e9prisante qu\u2019inefficace<\/p>\n<p>quand nous d\u00e9couvrons sa souffrance et la violence que nous lui faisons chaque jour et souvent inconsciemment,<\/p>\n<p>quand il refuse de toujours \u00eatre sacrifi\u00e9 pour de moins malheureux qu\u2019eux, et de se voir trait\u00e9 d\u2019asocial\/incurable,<\/p>\n<p>quand ce peuple de la mis\u00e8re quotidienne se redresse et dit son amour de la vie, son espoir des lendemains, sa force et ses capacit\u00e9s<\/p>\n<p><strong>alors je crois qu\u2019il nous faut l\u2019entendre<\/strong>\u00a0: pour lui, pour nous, pour l\u2019humanit\u00e9.<\/p>\n<p>C\u2019est le message que je retiens du livre passionnant que vient d\u2019\u00e9crire Bruno Tardieu qui fut d\u00e9l\u00e9gu\u00e9 national d\u2019ATD Quart Monde et explique en 250 pages pourquoi le combat initi\u00e9 par le p\u00e8re Joseph Wrezinski est une n\u00e9cessit\u00e9 pour tous les hommes \u00e9pris de libert\u00e9 et de justice.<\/p>\n<p><!--more-->Les personnes en situation d\u2019extr\u00eame pauvret\u00e9 ont beaucoup \u00e0 nous dire, \u00e0 nous apprendre.<\/p>\n<p>Le combat radical que m\u00e8ne ATD Quart Monde contre la mis\u00e8re est un combat efficace. Il n\u2019est pas toujours indispensable d\u2019\u00eatre grand pour gagner. Tout n \u2018est pas que rapport de force\u00a0: pour preuve les batailles gagn\u00e9es d\u2019ATD Quart Monde tant aupr\u00e8s de l\u2019ONU avec les Objectifs du Mill\u00e9naire qu\u2019en France\u00a0: avec en particulier la Loi de refondation de l\u2019\u00e9cole de la R\u00e9publique du 8 juillet 2013 ou la CMU .<\/p>\n<p>J\u2019ai beaucoup appris \u00e0 la lecture du livre de Bruno Tardieu, moi qui me targuais d\u2019\u00eatre aux c\u00f4t\u00e9s des plus faibles \u2026 quand de fait je me rends compte que je ne les comprenais pas, pire ne les voyais pas.<\/p>\n<p><em>\u00ab\u00a0On entend souvent dire que ceux qui n\u2019ont pas l\u2019exp\u00e9rience de la mis\u00e8re ne peuvent pas la comprendre. Mais ceux qui vivent la mis\u00e8re ne la comprennent pas non plus\u2026\u00a0\u00bb<\/em><\/p>\n<p>Je voudrais citer de nombreuses phrases du livre de Tardieu. Mais je vous invite plut\u00f4t \u00e0 le lire\u00a0: il est bourr\u00e9 d\u2019optimisme et d\u2019anecdotes sympathiques. Comme l\u2019histoire de ce petit jeune de la rue \u00e0 Cr\u00e9teil qui tr\u00e8s vite battait Tardieu aux \u00e9checs, lui le matheux qui finissait sa th\u00e8se\u00a0! Ou les impasses de notre s\u00e9mantique \u00e0 sens unique\u00a0: une<span class=\"Apple-converted-space\">\u00a0<\/span><em>proc\u00e9dure<\/em>, pour un travailleur social, c\u2019est la garantie d\u2019un droit identique pour tous et pour une personne en grande pauvret\u00e9 c\u2019est \u2026le d\u00e9but des emmerdes\u00a0!<\/p>\n<p>Et pourtant que de choses communes entre ce peuple et nous\u00a0:<span class=\"Apple-converted-space\">\u00a0<\/span><em>\u00ab\u00a0nous avons en commun le sens de la beaut\u00e9 et le d\u00e9sir de cr\u00e9ation\u2026\u00a0\u00bb,<\/em><\/p>\n<p><em>\u00a0<\/em>Finalement<em><span class=\"Apple-converted-space\">\u00a0<\/span>\u2026\u00ab\u00a0les personnes en situation de pauvret\u00e9 sont sources des id\u00e9aux de l\u2019humanit\u00e9\u00a0\u00bb\u2026<\/em><\/p>\n<p><em>\u00ab\u00a0Si c\u2019est une avanc\u00e9e pour les plus d\u00e9munis, c\u2019est une avanc\u00e9e pour tous\u2026\u00bb\u2026<\/em><\/p>\n<p><em>\u00a0<\/em>Tout n\u2019est pas simple pour autant et Bruno Tardieu ne cache pas les \u00e9cueils rencontr\u00e9s.<\/p>\n<p>Il cite souvent Hannah Arendt ou Pierre Rosanvallon pour signifier combien ces batailles contre toute discrimination sont aussi des batailles pour plus de d\u00e9mocratie et qu\u2019elles concernent tous les citoyens du monde.<\/p>\n<p><em>\u00ab\u00a0Il faut sortir du totalitarisme de l\u2019argent en ouvrant les espaces du penser, de l\u2019agir et du vivre ensemble \u00e0 ceux qui manquent\u00a0\u00bb \u00ab\u00a0pour contribuer aux choix d\u00e9mocratiques, les citoyens doivent apprendre \u00e0 penser ensemble et ils ne peuvent y parvenir qu\u2019\u00e0 partir d\u2019exp\u00e9riences v\u00e9cues en commun\u00a0\u00bb \u2026<\/em><\/p>\n<p>Je suis frapp\u00e9 par le pragmatisme de la pens\u00e9e de Tardieu (n\u00e9 de l\u2019action d\u2019ATD Quart Monde) qui n\u2019emp\u00eache nullement l\u2019affirmation de grands principes fondateurs.<\/p>\n<p>En conclusion je dirai que ce livre ouvre un nouveau champ d\u2019action\/r\u00e9flexion pour tous les professionnels de l\u2019action sociale et plus globalement des pouvoirs publics.<\/p>\n<p>En cela, il s\u2019adresse prioritairement \u00e0 nous, fonctionnaires du service public local\u00a0!<\/p>\n<p>Bruno Tardieu\u00a0: Quand un peuple parle (ATD Quart Monde, un combat radical contre la mis\u00e8re)<\/p>\n<p>Editions de la D\u00e9couverte, 262 pages, 13.50 \u20ac.\u00a0\u00bb<\/p>\n","protected":false},"excerpt":{"rendered":"<p>Le livre Quand un peuple parle Ed La d\u00e9couverte est paru il y a deux mois, et il y a plusieurs recensions dans des journaux grand public, mais aussi des revues et des sites professionnels. Je vais reproduire ici quelques &hellip; <a href=\"https:\/\/blogs.atd-quartmonde.fr\/brunotardieu\/2015\/11\/24\/recensions-du-livre-quand-un-peuple-parle\/\">Continuer la lecture <span class=\"meta-nav\">&rarr;<\/span><\/a><\/p>\n","protected":false},"author":18,"featured_media":0,"comment_status":"open","ping_status":"open","sticky":false,"template":"","format":"standard","meta":{"footnotes":""},"categories":[5],"tags":[],"class_list":["post-282","post","type-post","status-publish","format-standard","hentry","category-uncategorized"],"post_mailing_queue_ids":[],"_links":{"self":[{"href":"https:\/\/blogs.atd-quartmonde.fr\/brunotardieu\/wp-json\/wp\/v2\/posts\/282","targetHints":{"allow":["GET"]}}],"collection":[{"href":"https:\/\/blogs.atd-quartmonde.fr\/brunotardieu\/wp-json\/wp\/v2\/posts"}],"about":[{"href":"https:\/\/blogs.atd-quartmonde.fr\/brunotardieu\/wp-json\/wp\/v2\/types\/post"}],"author":[{"embeddable":true,"href":"https:\/\/blogs.atd-quartmonde.fr\/brunotardieu\/wp-json\/wp\/v2\/users\/18"}],"replies":[{"embeddable":true,"href":"https:\/\/blogs.atd-quartmonde.fr\/brunotardieu\/wp-json\/wp\/v2\/comments?post=282"}],"version-history":[{"count":0,"href":"https:\/\/blogs.atd-quartmonde.fr\/brunotardieu\/wp-json\/wp\/v2\/posts\/282\/revisions"}],"wp:attachment":[{"href":"https:\/\/blogs.atd-quartmonde.fr\/brunotardieu\/wp-json\/wp\/v2\/media?parent=282"}],"wp:term":[{"taxonomy":"category","embeddable":true,"href":"https:\/\/blogs.atd-quartmonde.fr\/brunotardieu\/wp-json\/wp\/v2\/categories?post=282"},{"taxonomy":"post_tag","embeddable":true,"href":"https:\/\/blogs.atd-quartmonde.fr\/brunotardieu\/wp-json\/wp\/v2\/tags?post=282"}],"curies":[{"name":"wp","href":"https:\/\/api.w.org\/{rel}","templated":true}]}}