{"id":305,"date":"2016-08-06T13:56:57","date_gmt":"2016-08-06T13:56:57","guid":{"rendered":"http:\/\/www.atd-quartmonde.fr\/brunotardieu\/?p=305"},"modified":"2016-08-06T13:56:57","modified_gmt":"2016-08-06T13:56:57","slug":"conference-sur-quand-un-peuple-parle-bibliotheque-buffon-a-paris","status":"publish","type":"post","link":"https:\/\/blogs.atd-quartmonde.fr\/brunotardieu\/2016\/08\/06\/conference-sur-quand-un-peuple-parle-bibliotheque-buffon-a-paris\/","title":{"rendered":"conf\u00e9rence sur \u00ab\u00a0Quand un peuple parle\u00a0\u00bb. Biblioth\u00e8que Buffon \u00e0 Paris"},"content":{"rendered":"<p>La premi\u00e8re des conf\u00e9rences sur le livre \u00ab\u00a0Quand un peuple parle\u00a0\u00bb a eu lieu \u00e0 Paris, \u00e0 la belle biblioth\u00e8que Buffon. Il \u00e9tait anim\u00e9 par Fran\u00e7ois G\u00e8ze, fondateur des Editions La D\u00e9couverte qui m&rsquo;a accompagn\u00e9 dans l&rsquo;\u00e9criture. A mes c\u00f4t\u00e9s pour parler du livre se trouvait Fran\u00e7ois Vercoutere DG de la f\u00e9d\u00e9ration des Centres Sociaux et C\u00e9line Braconnier professeur de sociologie politique,\u00a0 directrice de Science Po Saint Germain en Laye et co auteure de \u00ab\u00a0les Inaudibles\u00a0\u00bb avec Nonna Mayer.<\/p>\n<p>Voici la vid\u00e9o compl\u00e8te:<\/p>\n<p>https:\/\/www.youtube.com\/watch?v=B2gAZ-noWic<\/p>\n<p>&nbsp;<\/p>\n<p>https:\/\/www.youtube.com\/watch?v=-0CPuamtakI<\/p>\n","protected":false},"excerpt":{"rendered":"<p>La premi\u00e8re des conf\u00e9rences sur le livre \u00ab\u00a0Quand un peuple parle\u00a0\u00bb a eu lieu \u00e0 Paris, \u00e0 la belle biblioth\u00e8que Buffon. Il \u00e9tait anim\u00e9 par Fran\u00e7ois G\u00e8ze, fondateur des Editions La D\u00e9couverte qui m&rsquo;a accompagn\u00e9 dans l&rsquo;\u00e9criture. A mes c\u00f4t\u00e9s &hellip; <a href=\"https:\/\/blogs.atd-quartmonde.fr\/brunotardieu\/2016\/08\/06\/conference-sur-quand-un-peuple-parle-bibliotheque-buffon-a-paris\/\">Continuer la lecture <span class=\"meta-nav\">&rarr;<\/span><\/a><\/p>\n","protected":false},"author":18,"featured_media":0,"comment_status":"open","ping_status":"open","sticky":false,"template":"","format":"standard","meta":{"footnotes":""},"categories":[5],"tags":[],"class_list":["post-305","post","type-post","status-publish","format-standard","hentry","category-uncategorized"],"post_mailing_queue_ids":[],"_links":{"self":[{"href":"https:\/\/blogs.atd-quartmonde.fr\/brunotardieu\/wp-json\/wp\/v2\/posts\/305","targetHints":{"allow":["GET"]}}],"collection":[{"href":"https:\/\/blogs.atd-quartmonde.fr\/brunotardieu\/wp-json\/wp\/v2\/posts"}],"about":[{"href":"https:\/\/blogs.atd-quartmonde.fr\/brunotardieu\/wp-json\/wp\/v2\/types\/post"}],"author":[{"embeddable":true,"href":"https:\/\/blogs.atd-quartmonde.fr\/brunotardieu\/wp-json\/wp\/v2\/users\/18"}],"replies":[{"embeddable":true,"href":"https:\/\/blogs.atd-quartmonde.fr\/brunotardieu\/wp-json\/wp\/v2\/comments?post=305"}],"version-history":[{"count":0,"href":"https:\/\/blogs.atd-quartmonde.fr\/brunotardieu\/wp-json\/wp\/v2\/posts\/305\/revisions"}],"wp:attachment":[{"href":"https:\/\/blogs.atd-quartmonde.fr\/brunotardieu\/wp-json\/wp\/v2\/media?parent=305"}],"wp:term":[{"taxonomy":"category","embeddable":true,"href":"https:\/\/blogs.atd-quartmonde.fr\/brunotardieu\/wp-json\/wp\/v2\/categories?post=305"},{"taxonomy":"post_tag","embeddable":true,"href":"https:\/\/blogs.atd-quartmonde.fr\/brunotardieu\/wp-json\/wp\/v2\/tags?post=305"}],"curies":[{"name":"wp","href":"https:\/\/api.w.org\/{rel}","templated":true}]}}