{"id":51,"date":"2010-12-01T19:56:58","date_gmt":"2010-12-01T18:56:58","guid":{"rendered":"http:\/\/www.atd-quartmonde.fr\/brunotardieu\/?p=51"},"modified":"2010-12-01T19:56:58","modified_gmt":"2010-12-01T18:56:58","slug":"la-complexite-de-penser-et-dagir-avec-les-exclus-pour-etre-ensemble-artisans-de-democratie","status":"publish","type":"post","link":"https:\/\/blogs.atd-quartmonde.fr\/brunotardieu\/2010\/12\/01\/la-complexite-de-penser-et-dagir-avec-les-exclus-pour-etre-ensemble-artisans-de-democratie\/","title":{"rendered":"\u00ab La complexit\u00e9 de penser et d&rsquo;agir avec les exclus pour \u00eatre ensemble artisans de d\u00e9mocratie. \u00bb"},"content":{"rendered":"<p>Intervention de Bruno Tardieu lors du d\u00e9bat \u00ab Que peut \u00eatre aujourd&rsquo;hui une formation citoyenne par l&rsquo;agir \u2194 penser en complexit\u00e9 dans l&rsquo;action collective ? \u00bb, MCXAPC, Paris, d\u00e9cembre 2010.<\/p>\n<p>Source : http:\/\/vimeo.com\/18444110<\/p>\n<p><a href=\"http:\/\/vimeo.com\/18444110\">Bruno Tardieu \u2014 La complexit\u00e9 de penser et d&rsquo;agir avec les exclus&#8230;<\/a> from <a href=\"http:\/\/vimeo.com\/mcxapc\">MCXAPC<\/a> on <a href=\"http:\/\/vimeo.com\">Vimeo<\/a>.<\/p>\n","protected":false},"excerpt":{"rendered":"<p>Intervention de Bruno Tardieu lors du d\u00e9bat \u00ab Que peut \u00eatre aujourd&rsquo;hui une formation citoyenne par l&rsquo;agir \u2194 penser en complexit\u00e9 dans l&rsquo;action collective ? \u00bb, MCXAPC, Paris, d\u00e9cembre 2010. Source : http:\/\/vimeo.com\/18444110 Bruno Tardieu \u2014 La complexit\u00e9 de penser &hellip; <a href=\"https:\/\/blogs.atd-quartmonde.fr\/brunotardieu\/2010\/12\/01\/la-complexite-de-penser-et-dagir-avec-les-exclus-pour-etre-ensemble-artisans-de-democratie\/\">Continuer la lecture <span class=\"meta-nav\">&rarr;<\/span><\/a><\/p>\n","protected":false},"author":2,"featured_media":0,"comment_status":"open","ping_status":"open","sticky":false,"template":"","format":"standard","meta":{"footnotes":""},"categories":[4],"tags":[7],"class_list":["post-51","post","type-post","status-publish","format-standard","hentry","category-interventions-publiques","tag-croisement-des-savoirs"],"post_mailing_queue_ids":[],"_links":{"self":[{"href":"https:\/\/blogs.atd-quartmonde.fr\/brunotardieu\/wp-json\/wp\/v2\/posts\/51","targetHints":{"allow":["GET"]}}],"collection":[{"href":"https:\/\/blogs.atd-quartmonde.fr\/brunotardieu\/wp-json\/wp\/v2\/posts"}],"about":[{"href":"https:\/\/blogs.atd-quartmonde.fr\/brunotardieu\/wp-json\/wp\/v2\/types\/post"}],"author":[{"embeddable":true,"href":"https:\/\/blogs.atd-quartmonde.fr\/brunotardieu\/wp-json\/wp\/v2\/users\/2"}],"replies":[{"embeddable":true,"href":"https:\/\/blogs.atd-quartmonde.fr\/brunotardieu\/wp-json\/wp\/v2\/comments?post=51"}],"version-history":[{"count":0,"href":"https:\/\/blogs.atd-quartmonde.fr\/brunotardieu\/wp-json\/wp\/v2\/posts\/51\/revisions"}],"wp:attachment":[{"href":"https:\/\/blogs.atd-quartmonde.fr\/brunotardieu\/wp-json\/wp\/v2\/media?parent=51"}],"wp:term":[{"taxonomy":"category","embeddable":true,"href":"https:\/\/blogs.atd-quartmonde.fr\/brunotardieu\/wp-json\/wp\/v2\/categories?post=51"},{"taxonomy":"post_tag","embeddable":true,"href":"https:\/\/blogs.atd-quartmonde.fr\/brunotardieu\/wp-json\/wp\/v2\/tags?post=51"}],"curies":[{"name":"wp","href":"https:\/\/api.w.org\/{rel}","templated":true}]}}