{"id":88,"date":"2012-04-15T21:34:22","date_gmt":"2012-04-15T19:34:22","guid":{"rendered":"http:\/\/www.atd-quartmonde.fr\/brunotardieu\/?p=88"},"modified":"2012-04-15T21:34:22","modified_gmt":"2012-04-15T19:34:22","slug":"developper-la-co-responsabilite-entre-parents-enseignants-et-jeunes-intervention-le-12-mars-2012-aux-rencontres-pour-la-jeunesse-en-difficulte-organisees-par-les-apprentis-dauteuil","status":"publish","type":"post","link":"https:\/\/blogs.atd-quartmonde.fr\/brunotardieu\/2012\/04\/15\/developper-la-co-responsabilite-entre-parents-enseignants-et-jeunes-intervention-le-12-mars-2012-aux-rencontres-pour-la-jeunesse-en-difficulte-organisees-par-les-apprentis-dauteuil\/","title":{"rendered":"\u00ab\u00a0D\u00e9velopper la co-responsabilit\u00e9 entre parents, enseignants et jeunes\u00a0\u00bb (intervention le 12 mars 2012 aux Rencontres pour la jeunesse en difficult\u00e9 organis\u00e9es par les Apprentis d&rsquo;Auteuil)"},"content":{"rendered":"<p>Le 12 mars 2012, \u00ab Les Rencontres pour la jeunesse en difficult\u00e9 \u00bb \u00e9taient organis\u00e9es par les Apprentis d\u2019Auteuil au Conseil \u00c9conomique, Social et Environnemental. Je suis intervenu lors du d\u00e9bat \u00ab\u00a0Parentalit\u00e9 : quel accompagnement pour les familles ?\u00a0\u00bb pour dire l&rsquo;importance d&rsquo;associer les parents d\u00e9favoris\u00e9s dans une vraie co-responsabilit\u00e9 dans l&rsquo;\u00e9ducation de leurs enfants.<\/p>\n<p>On constate malheureusement que des interventions de professionnels dans la vie des familles tr\u00e8s pauvres accentuent les ruptures de liens. Nos interventions devraient au contraire renforcer les liens familiaux. Car certains parents se trouvent dans une grande fragilit\u00e9, pour avoir eu souvent eux-m\u00eames tr\u00e8s peu de soutien dans leur enfance.<\/p>\n<p>C&rsquo;est pourquoi ATD Quart Monde demande aux professionnels de se co-former avec des familles d\u00e9favoris\u00e9es, afin d&rsquo;apprendre \u00e0 se comprendre. Les travailleurs sociaux en ont assez de contr\u00f4ler les familles en difficult\u00e9. Il y a besoin de s\u00e9parer les missions de contr\u00f4le et les missions de soutien \u00e0 la parentalit\u00e9. Lorsque les travailleurs sociaux qui soutiennent les familles ont aussi une mission de contr\u00f4le, celles-ci ne leur ouvrent plus la porte. Et l&rsquo;on rajoute alors encore plus de contr\u00f4le.<\/p>\n<p>Nous demandons aussi \u00e0 tous les citoyens d&rsquo;arr\u00eater le cercle vicieux de la stigmatisation des personnes de milieux d\u00e9favoris\u00e9s.<\/p>\n<p>Plusieurs actions pilotes du Mouvement ATD Quart Monde d\u00e9veloppent la co-responsabilit\u00e9 \u00e9ducative des parents d\u00e9favoris\u00e9s : la pr\u00e9-\u00e9cole, les vacances familiales, les actions avec l&rsquo;\u00e9cole&#8230;<\/p>\n<p>Si l&rsquo;on consid\u00e8re les parents d\u00e9favoris\u00e9s comme partenaires et non comme des personnes dont il faut se m\u00e9fier, on retrouve des spirales positives.<\/p>\n<div class=\"player_curio\"> <\/div>\n","protected":false},"excerpt":{"rendered":"<p>Le 12 mars 2012, \u00ab Les Rencontres pour la jeunesse en difficult\u00e9 \u00bb \u00e9taient organis\u00e9es par les Apprentis d\u2019Auteuil au Conseil \u00c9conomique, Social et Environnemental. Je suis intervenu lors du d\u00e9bat \u00ab\u00a0Parentalit\u00e9 : quel accompagnement pour les familles ?\u00a0\u00bb pour &hellip; <a href=\"https:\/\/blogs.atd-quartmonde.fr\/brunotardieu\/2012\/04\/15\/developper-la-co-responsabilite-entre-parents-enseignants-et-jeunes-intervention-le-12-mars-2012-aux-rencontres-pour-la-jeunesse-en-difficulte-organisees-par-les-apprentis-dauteuil\/\">Continuer la lecture <span class=\"meta-nav\">&rarr;<\/span><\/a><\/p>\n","protected":false},"author":2,"featured_media":0,"comment_status":"open","ping_status":"open","sticky":false,"template":"","format":"standard","meta":{"footnotes":""},"categories":[4],"tags":[8,15],"class_list":["post-88","post","type-post","status-publish","format-standard","hentry","category-interventions-publiques","tag-ecole","tag-parentalite"],"post_mailing_queue_ids":[],"_links":{"self":[{"href":"https:\/\/blogs.atd-quartmonde.fr\/brunotardieu\/wp-json\/wp\/v2\/posts\/88","targetHints":{"allow":["GET"]}}],"collection":[{"href":"https:\/\/blogs.atd-quartmonde.fr\/brunotardieu\/wp-json\/wp\/v2\/posts"}],"about":[{"href":"https:\/\/blogs.atd-quartmonde.fr\/brunotardieu\/wp-json\/wp\/v2\/types\/post"}],"author":[{"embeddable":true,"href":"https:\/\/blogs.atd-quartmonde.fr\/brunotardieu\/wp-json\/wp\/v2\/users\/2"}],"replies":[{"embeddable":true,"href":"https:\/\/blogs.atd-quartmonde.fr\/brunotardieu\/wp-json\/wp\/v2\/comments?post=88"}],"version-history":[{"count":0,"href":"https:\/\/blogs.atd-quartmonde.fr\/brunotardieu\/wp-json\/wp\/v2\/posts\/88\/revisions"}],"wp:attachment":[{"href":"https:\/\/blogs.atd-quartmonde.fr\/brunotardieu\/wp-json\/wp\/v2\/media?parent=88"}],"wp:term":[{"taxonomy":"category","embeddable":true,"href":"https:\/\/blogs.atd-quartmonde.fr\/brunotardieu\/wp-json\/wp\/v2\/categories?post=88"},{"taxonomy":"post_tag","embeddable":true,"href":"https:\/\/blogs.atd-quartmonde.fr\/brunotardieu\/wp-json\/wp\/v2\/tags?post=88"}],"curies":[{"name":"wp","href":"https:\/\/api.w.org\/{rel}","templated":true}]}}