{"id":10,"date":"2011-05-10T15:38:19","date_gmt":"2011-05-10T15:38:19","guid":{"rendered":"http:\/\/www.atd-quartmonde.fr\/magrard\/?p=10"},"modified":"2011-05-10T15:38:19","modified_gmt":"2011-05-10T15:38:19","slug":"lancement-du-pacte-civique-le-10-mai-2011-au-cese","status":"publish","type":"post","link":"https:\/\/blogs.atd-quartmonde.fr\/magrard\/2011\/05\/10\/lancement-du-pacte-civique-le-10-mai-2011-au-cese\/","title":{"rendered":"Lancement du Pacte Civique, le 10 mai 2011, au CESE"},"content":{"rendered":"<p><!-- \t\t@page { margin: 2cm } \t\tP { margin-bottom: 0.21cm } --><strong>Le 10 mai 2011, je suis intervenue aux c\u00f4t\u00e9s d&rsquo;autres personnalit\u00e9s, pour pr\u00e9senter le Pacte Civique lors d&rsquo;une conf\u00e9rence de presse.<!--more--><\/strong><\/p>\n<p>\u00ab\u00a0Consid\u00e9rer les progr\u00e8s de la soci\u00e9t\u00e9 \u00e0 l&rsquo;aune de la qualit\u00e9 de vie du plus d\u00e9muni et du plus exclu, est la dignit\u00e9 d&rsquo;une nation fond\u00e9e sur les Droits de l&rsquo;Homme.\u00a0\u00bb Cette phrase, grav\u00e9e \u00e0 l\u2019entr\u00e9e du Conseil pour marquer le 20\u00e8me anniversaire du rapport Wr\u00e9sinski, illustre parfaitement ce qui constitue \u00e0 la fois le socle et la finalit\u00e9 du Pacte Civique dont il est question aujourd\u2019hui.<\/p>\n<div id=\"attachment_17\" style=\"width: 410px\" class=\"wp-caption aligncenter\"><a href=\"http:\/\/www.atd-quartmonde.fr\/magrard\/wp-content\/uploads\/2011\/05\/P1020416def_400-65df111.jpg\" data-rel=\"lightbox-image-0\" data-rl_title=\"\" data-rl_caption=\"\" title=\"\"><img loading=\"lazy\" decoding=\"async\" aria-describedby=\"caption-attachment-17\" class=\"size-full wp-image-17 \" src=\"http:\/\/www.atd-quartmonde.fr\/magrard\/wp-content\/uploads\/2011\/05\/P1020416def_400-65df111.jpg\" alt=\"\" width=\"400\" height=\"175\" \/><\/a><p id=\"caption-attachment-17\" class=\"wp-caption-text\">Conf\u00e9rence de presse le 10 mai 2011 au Conseil \u00c9conomique, Social et Environnemental pour lancer le Pacte Civique. De gauche \u00e0 droite : Patrick Viveret (Dialogues en humanit\u00e9), Antoine Dulin (Scouts et guides de France), Marie-Aleth Grard (ATD Quart Monde), Jean- Baptiste de Foucauld (D\u00e9mocratie et spiritualit\u00e9), Claude Alphand\u00e9ry (Laboratoire de l\u2019\u00e9conomie sociale et solidaire), C\u00e9cile Ostria (Fondation pour la nature et l\u2019homme).<\/p><\/div>\n<p style=\"text-align: left\">La pr\u00e9sentation du Pacte Civique au Conseil \u00e9conomique social et environnemental, relevait donc de l\u2019\u00e9vidence tant l\u2019un et l\u2019autre ont pour objectif que le vivre ensemble, en soci\u00e9t\u00e9, devienne r\u00e9alit\u00e9 pour tous les citoyens, quels qu\u2019ils soient. Ce moment est donc porteur d\u2019une signification forte.<\/p>\n<p>Les 233 membres du Conseil \u00e9conomique social et environnemental, troisi\u00e8me assembl\u00e9e constitutionnelle de la R\u00e9publique, repr\u00e9sentent la soci\u00e9t\u00e9 civile. Ils ne se d\u00e9finissent pas comme des tenants de la majorit\u00e9 ou de l\u2019opposition. A partir de leur exp\u00e9rience et de leurs convictions, ils cherchent \u00e0 b\u00e2tir ensemble des accords qui ne soient pas de fa\u00e7ade mais ancr\u00e9s dans une grande qualit\u00e9 d\u2019\u00e9change et de r\u00e9flexion. Le r\u00e9sultat de ce travail se traduit par des rapports ou des \u00e9tudes, concernant la vie du pays, dont chaque mot est soigneusement pes\u00e9, sans pour autant, bien s\u00fbr, faire toujours l\u2019unanimit\u00e9.<\/p>\n<p>Des repr\u00e9sentants du Mouvement ATD Quart Monde si\u00e8gent au Conseil depuis 1979. Ils n\u2019y ont port\u00e9 les int\u00e9r\u00eats ni d\u2019un groupe de population, ni d\u2019une cat\u00e9gorie de citoyens, ni d\u2019ATD Quart Monde. Ils y ont toujours \u00e9t\u00e9 porteurs de la question permanente et cruciale que posent \u00e0 notre soci\u00e9t\u00e9 et \u00e0 nos institutions toutes ces personnes et populations qui voudraient vivre comme tout le monde et qui ne comprennent pas pourquoi elles sont rejet\u00e9es, humili\u00e9es et m\u00eame consid\u00e9r\u00e9es comme responsables \u2013 coupables \u2013 de leur situation. (Permettez-moi cette parenth\u00e8se, mais l\u2019actualit\u00e9 est l\u00e0 pour confirmer mes dires, puisqu\u2019un ministre vient de laisser entendre, en faisant une nouvelle fois l\u2019amalgame, que ceux qui n\u2019ont pour vivre que les minimas sociaux, sont des profiteurs). Les rapports Wr\u00e9sinski, de Gaulle et Robert du CESE ont donn\u00e9 la parole \u00e0 ces personnes et populations et ont marqu\u00e9 cette maison par la justesse de leurs observations et propositions. Le rapport de Didier Robert en 2003 affichait cette ambition\u00a0: \u00ab\u00a0l\u2019acc\u00e8s de tous aux droits de tous, par la mobilisation de tous.\u00a0\u00bb Le Pacte Civique n\u2019a-t-il pas la m\u00eame ambition\u00a0?<\/p>\n<p>ATD Quart Monde a choisi de se joindre au Pacte Civique car il est pour nous essentiel de rassembler les forces pour gagner l\u2019acc\u00e8s de tous aux droits de tous. Travailler \u00e0 la reconnaissance des droits de toute personne, en particulier de la plus d\u00e9munie sur tous les plans, c\u2019est \u00e9tablir l&rsquo;espace civique dans lequel chacun est appel\u00e9 \u00e0 collaborer \u00e0 la construction d&rsquo;une soci\u00e9t\u00e9 r\u00e9ellement d\u00e9mocratique.<\/p>\n<p>Une soci\u00e9t\u00e9 qui n\u2019a pas d\u2019ambition pour ses membres les plus \u00e9loign\u00e9s du droit commun fait la preuve qu\u2019elle n\u2019en a pas vraiment pour les autres non plus. Quand elle abdique pour les plus d\u00e9munis, elle montre qu\u2019elle est pr\u00eate \u00e0 abdiquer pour n\u2019importe lequel de ses membres. Beaucoup en font aujourd\u2019hui l\u2019am\u00e8re exp\u00e9rience, notamment ceux qui se retrouvent au ch\u00f4mage alors qu\u2019ils se croyaient en s\u00e9curit\u00e9. Aucune soci\u00e9t\u00e9, jamais, ne r\u00e9pondra \u00e0 l\u2019attente de tous ceux qui la composent, tant qu\u2019elle ne cherchera pas \u00e0 r\u00e9pondre en priorit\u00e9 aux attentes et aspirations de ceux qui sont tout au pied de l\u2019\u00e9chelle sociale. Le Pacte Civique peut contribuer \u00e0 faire comprendre cette r\u00e9alit\u00e9.<\/p>\n<p>Il peut aussi contribuer \u00e0 faire comprendre que les contours d\u2019une soci\u00e9t\u00e9 vraiment d\u00e9mocratique ne peuvent \u00eatre dessin\u00e9s sans la participation active de ceux qui sont contraints de vivre \u00e0 la marge.<\/p>\n<p>Nous avons particuli\u00e8rement travaill\u00e9 dans le groupe \u00e9cole \u00e9ducation du pacte civique, pr\u00e9sid\u00e9 par un membre d&rsquo;ATD Quart Monde qui est aussi porteur de la cr\u00e9ation d&rsquo;une large plateforme de mobilisation pour que d\u00e8s l&rsquo;\u00e9cole ces valeurs de vivre et penser avec les autres deviennent des enseignements cl\u00e9s pour l&rsquo;avenir.<\/p>\n<p>Aujourd\u2019hui renait l\u2019id\u00e9e que la mis\u00e8re est la faute des pauvres, et que les plus pauvres sont la cause de la violence, des d\u00e9sordres, et qu\u2019il faut les contr\u00f4ler.<\/p>\n<p>Nous refusons une soci\u00e9t\u00e9 qui divise, qui stigmatise les plus pauvres.<\/p>\n<p><strong>Sommes-nous pr\u00eats \u2013 au risque de voir nos certitudes et sch\u00e9mas \u00e9branl\u00e9s &#8211; \u00e0 \u00e9laborer nos politiques (au sens large du terme) avec les personnes en situation de grande pauvret\u00e9\u00a0? <\/strong><\/p>\n<p><strong>A d\u00e9faut, nous perp\u00e9tuons ce gaspillage inacceptable d\u2019intelligence et d\u2019inventivit\u00e9\u00a0!<\/strong><\/p>\n<p>Donner envie \u00e0 chacun de nos concitoyens de s\u2019engager, prendre conscience combien l\u2019engagement transforme la vie, transforme sa propre vie.<\/p>\n<p>Nous voulons une soci\u00e9t\u00e9 qui refuse l\u2019exclusion, qui consid\u00e8re enfin la citoyennet\u00e9 des plus pauvres, leur r\u00e9flexion partag\u00e9e avec d\u2019autres comme une richesse et une chance. Une soci\u00e9t\u00e9 qui favorise le vivre ensemble.<br \/>\nVoil\u00e0 pourquoi nous sommes partie prenante du Pacte Civique. Nous souscrivons \u00e0 l\u2019id\u00e9e que la soci\u00e9t\u00e9 doit \u00e9voluer. Nous savons que ce changement ne peut se faire que si chacun accepte de se transformer lui-m\u00eame.<\/p>\n","protected":false},"excerpt":{"rendered":"<p>Le 10 mai 2011, je suis intervenue aux c\u00f4t\u00e9s d&rsquo;autres personnalit\u00e9s, pour pr\u00e9senter le Pacte Civique lors d&rsquo;une conf\u00e9rence de presse.<\/p>\n","protected":false},"author":2,"featured_media":0,"comment_status":"open","ping_status":"open","sticky":false,"template":"","format":"standard","meta":{"footnotes":""},"categories":[3],"tags":[40],"class_list":["post-10","post","type-post","status-publish","format-standard","hentry","category-intervention","tag-pacte-civique"],"post_mailing_queue_ids":[],"_links":{"self":[{"href":"https:\/\/blogs.atd-quartmonde.fr\/magrard\/wp-json\/wp\/v2\/posts\/10","targetHints":{"allow":["GET"]}}],"collection":[{"href":"https:\/\/blogs.atd-quartmonde.fr\/magrard\/wp-json\/wp\/v2\/posts"}],"about":[{"href":"https:\/\/blogs.atd-quartmonde.fr\/magrard\/wp-json\/wp\/v2\/types\/post"}],"author":[{"embeddable":true,"href":"https:\/\/blogs.atd-quartmonde.fr\/magrard\/wp-json\/wp\/v2\/users\/2"}],"replies":[{"embeddable":true,"href":"https:\/\/blogs.atd-quartmonde.fr\/magrard\/wp-json\/wp\/v2\/comments?post=10"}],"version-history":[{"count":0,"href":"https:\/\/blogs.atd-quartmonde.fr\/magrard\/wp-json\/wp\/v2\/posts\/10\/revisions"}],"wp:attachment":[{"href":"https:\/\/blogs.atd-quartmonde.fr\/magrard\/wp-json\/wp\/v2\/media?parent=10"}],"wp:term":[{"taxonomy":"category","embeddable":true,"href":"https:\/\/blogs.atd-quartmonde.fr\/magrard\/wp-json\/wp\/v2\/categories?post=10"},{"taxonomy":"post_tag","embeddable":true,"href":"https:\/\/blogs.atd-quartmonde.fr\/magrard\/wp-json\/wp\/v2\/tags?post=10"}],"curies":[{"name":"wp","href":"https:\/\/api.w.org\/{rel}","templated":true}]}}