{"id":115,"date":"2013-01-22T20:25:13","date_gmt":"2013-01-22T20:25:13","guid":{"rendered":"http:\/\/www.atd-quartmonde.fr\/magrard\/?p=115"},"modified":"2013-01-22T20:25:13","modified_gmt":"2013-01-22T20:25:13","slug":"economie-sociale-et-solidaire","status":"publish","type":"post","link":"https:\/\/blogs.atd-quartmonde.fr\/magrard\/2013\/01\/22\/economie-sociale-et-solidaire\/","title":{"rendered":"Economie sociale et solidaire"},"content":{"rendered":"<p><strong>Monsieur le Pr\u00e9sident, Monsieur le Ministre, Mesdames, Messieurs, Chers Coll\u00e8gues,<\/strong><\/p>\n<p>Un grand merci, Messieurs les rapporteurs, pour votre travail. Je voterai l\u2019avis pr\u00e9sent\u00e9 aujourd\u2019hui car\u00a0 je suis convaincue que, dans la conjoncture actuelle, l\u2019\u00e9conomie sociale et solidaire a un r\u00f4le primordial \u00e0 jouer pour l\u2019acc\u00e8s de tous \u00e0 un emploi.<\/p>\n<p><!--more--><\/p>\n<p>Je consid\u00e8re, en effet, que la finalit\u00e9 de l&rsquo;Economie Sociale et Solidaire est de r\u00e9pondre \u00e0 cette exigence d\u00e9mocratique inscrite dans la constitution d\u2019octobre 1946\u00a0:<strong> <\/strong>\u00ab\u00a0chacun a le devoir de travailler et le droit d\u2019obtenir un emploi\u00a0\u00bb.<\/p>\n<p>Le s\u00e9rieux de votre avis, Messieurs les rapporteurs, est \u00e9vident. Il est d\u2019une haute technicit\u00e9 et, pour \u00eatre franche, je l\u2019ai m\u00eame trouv\u00e9 un peu trop technique. S\u2019il est important de mieux comprendre, pour les am\u00e9liorer, la m\u00e9canique et les rouages de l\u2019Economie sociale et solidaire, encore faut-il s\u2019assurer qu\u2019une fois bien \u00ab\u00a0huil\u00e9e\u00a0\u00bb, celle-ci va effectivement permettre \u00e0 des hommes et des femmes d\u2019acc\u00e9der \u00e0 une s\u00e9curit\u00e9 financi\u00e8re et \u00e0 un emploi avec lesquels ils pourront vivre d\u00e9cemment.<\/p>\n<p>N\u2019est-il pas paradoxal, par exemple, que de grandes mutuelles ou coop\u00e9ratives se r\u00e9clamant de l\u2019Economie sociale et solidaire n\u2019aient pas h\u00e9sit\u00e9 \u00e0 d\u00e9truire des\u00a0 emplois peu qualifi\u00e9s en rempla\u00e7ant des standardistes par des serveurs vocaux, autrement dit, en rempla\u00e7ant des travailleurs, p\u00e8res et m\u00e8res de familles, par des machines\u00a0?<\/p>\n<p>Il ne suffit donc pas d\u2019affirmer, comme le fait \u00e0 juste titre l\u2019Avis dans son introduction, que l\u2019Economie sociale et solidaire <em>cr\u00e9e de la richesse en mettant l\u2019humain au c\u0153ur de l\u2019activit\u00e9<\/em>. Encore faudrait-il que l\u2019Economie sociale et solidaire, au nom de ses valeurs affirm\u00e9es, rel\u00e8ve concr\u00e8tement un certain nombre de d\u00e9fis pour donner vraiment la priorit\u00e9 \u00e0 l\u2019humain. Par exemple\u00a0:<\/p>\n<p>&nbsp;<\/p>\n<p>&#8211;\u00a0\u00a0\u00a0\u00a0\u00a0 Devant cette r\u00e9alit\u00e9 que tous les employ\u00e9s n\u2019ont pas la m\u00eame \u00ab\u00a0productivit\u00e9\u00a0\u00bb, de par leurs capacit\u00e9s ou leurs comp\u00e9tences acquises, les acteurs de l\u2019Economie sociale et solidaire ne devraient-ils pas toujours pratiquer la mod\u00e9ration salariale pour que les moins \u00ab\u00a0productifs\u00a0\u00bb puissent conserver leur emploi et un salaire d\u00e9cent\u00a0?<\/p>\n<p>&#8211;\u00a0\u00a0\u00a0\u00a0\u00a0 l\u2019Economie sociale et solidaire ne devrait-elle pas s\u2019interdire l\u2019externalisation des t\u00e2ches non directement lucratives, comme par exemple le gardiennage ou le m\u00e9nage, qui sont confi\u00e9es \u00e0 des soci\u00e9t\u00e9s o\u00f9 les conditions sont souvent tr\u00e8s difficiles et le travail \u00e9miett\u00e9\u00a0?<\/p>\n<p>&#8211;\u00a0\u00a0\u00a0\u00a0\u00a0 l\u2019Economie sociale et solidaire ne devrait-elle pas syst\u00e9matiquement pratiquer des \u00e9chelles de salaire r\u00e9duites comme certains de ses membres le font d\u00e9j\u00e0, afin de d\u00e9gager des marges financi\u00e8res pour embaucher \u2013 ce qui permettrait, en outre, de rel\u00e2cher un peu la pression sur les salari\u00e9s en poste\u00a0?<\/p>\n<p>&#8211;\u00a0\u00a0\u00a0\u00a0\u00a0 l\u2019Economie sociale et solidaire ne devrait-elle pas d\u00e9velopper des m\u00e9thodes de recrutement moins s\u00e9lectives, permettant aux personnes de faire leurs preuves, plut\u00f4t que de les juger sur un CV\u00a0 ou un entretien d\u2019embauche qui excluent d\u2019avance toute une frange de ch\u00f4meurs\u00a0?<\/p>\n<p>Je sais bien que cet Avis r\u00e9pondait \u00e0 une demande\u00a0 assez technique du Premier Ministre sur l\u2019Economie sociale et solidaire. Il m\u2019a sembl\u00e9 toutefois important d\u2019en rappeler la finalit\u00e9 humaine. Ainsi, alors que son <em>association pour le droit \u00e0 l\u2019initiative \u00e9conomique<\/em> a contribu\u00e9 \u00e0 p\u00e9renniser 80\u00a0000 entreprises et \u00e0 g\u00e9n\u00e9rer 107\u00a0000 emplois \u00e0 ce jour, Maria Nowak affirme que sa plus grande r\u00e9ussite est d\u2019avoir d\u00e9montr\u00e9 la capacit\u00e9 de cr\u00e9ation et la formidable richesse d\u2019id\u00e9es des ch\u00f4meurs et allocataires du RSA.<\/p>\n<p>&nbsp;<\/p>\n","protected":false},"excerpt":{"rendered":"<p>Monsieur le Pr\u00e9sident, Monsieur le Ministre, Mesdames, Messieurs, Chers Coll\u00e8gues, Un grand merci, Messieurs les rapporteurs, pour votre travail. Je voterai l\u2019avis pr\u00e9sent\u00e9 aujourd\u2019hui car\u00a0 je suis convaincue que, dans la conjoncture actuelle, l\u2019\u00e9conomie sociale et solidaire a un r\u00f4le &hellip; <a href=\"https:\/\/blogs.atd-quartmonde.fr\/magrard\/2013\/01\/22\/economie-sociale-et-solidaire\/\">Continuer la lecture <span class=\"meta-nav\">&rarr;<\/span><\/a><\/p>\n","protected":false},"author":17,"featured_media":0,"comment_status":"open","ping_status":"open","sticky":false,"template":"","format":"standard","meta":{"footnotes":""},"categories":[4],"tags":[15,22],"class_list":["post-115","post","type-post","status-publish","format-standard","hentry","category-interventions-au-cese","tag-economie-sociale-et-solidaire","tag-ess"],"post_mailing_queue_ids":[],"_links":{"self":[{"href":"https:\/\/blogs.atd-quartmonde.fr\/magrard\/wp-json\/wp\/v2\/posts\/115","targetHints":{"allow":["GET"]}}],"collection":[{"href":"https:\/\/blogs.atd-quartmonde.fr\/magrard\/wp-json\/wp\/v2\/posts"}],"about":[{"href":"https:\/\/blogs.atd-quartmonde.fr\/magrard\/wp-json\/wp\/v2\/types\/post"}],"author":[{"embeddable":true,"href":"https:\/\/blogs.atd-quartmonde.fr\/magrard\/wp-json\/wp\/v2\/users\/17"}],"replies":[{"embeddable":true,"href":"https:\/\/blogs.atd-quartmonde.fr\/magrard\/wp-json\/wp\/v2\/comments?post=115"}],"version-history":[{"count":0,"href":"https:\/\/blogs.atd-quartmonde.fr\/magrard\/wp-json\/wp\/v2\/posts\/115\/revisions"}],"wp:attachment":[{"href":"https:\/\/blogs.atd-quartmonde.fr\/magrard\/wp-json\/wp\/v2\/media?parent=115"}],"wp:term":[{"taxonomy":"category","embeddable":true,"href":"https:\/\/blogs.atd-quartmonde.fr\/magrard\/wp-json\/wp\/v2\/categories?post=115"},{"taxonomy":"post_tag","embeddable":true,"href":"https:\/\/blogs.atd-quartmonde.fr\/magrard\/wp-json\/wp\/v2\/tags?post=115"}],"curies":[{"name":"wp","href":"https:\/\/api.w.org\/{rel}","templated":true}]}}