{"id":168,"date":"2013-11-28T06:23:23","date_gmt":"2013-11-28T06:23:23","guid":{"rendered":"http:\/\/www.atd-quartmonde.fr\/magrard\/?p=168"},"modified":"2013-11-28T06:23:23","modified_gmt":"2013-11-28T06:23:23","slug":"projet-de-loi-sur-le-developpement","status":"publish","type":"post","link":"https:\/\/blogs.atd-quartmonde.fr\/magrard\/2013\/11\/28\/projet-de-loi-sur-le-developpement\/","title":{"rendered":"Projet de loi sur le d\u00e9veloppement"},"content":{"rendered":"<p><strong>Monsieur le Pr\u00e9sident, <\/strong><strong>Mesdames, Messieurs, <\/strong><strong>Chers coll\u00e8gues,<\/strong><\/p>\n<p><strong>Monsieur le rapporteur,<\/strong><\/p>\n<p>Un grand merci, Monsieur le rapporteur, pour votre travail.<\/p>\n<p>Je souhaite insister ici sur les conditions de l\u2019efficacit\u00e9 de l\u2019aide  au d\u00e9veloppement. Elles sont essentielles pour qu\u2019enfin cela change,  qu\u2019enfin nous puissions tendre vers l\u2019\u00e9radication de la pauvret\u00e9. <!--more-->Le  Mouvement ATD Quart Monde a men\u00e9 une recherche action avec des  populations vivant dans des conditions de grande pauvret\u00e9 dans 12 pays  pour \u00e9valuer les Objectifs du Mill\u00e9naire pour le D\u00e9veloppement et  pr\u00e9parer l\u2019apr\u00e8s 2015. CE qui en ressort est tr\u00e8s clair, les populations  concern\u00e9es par ces projets de d\u00e9veloppement constatent que les projets  leurs sont impos\u00e9s, en effet ils sont rarement discut\u00e9s avec les  populations. Les populations qui vivent dans des situations tr\u00e8s  difficiles \u00e0 travers le monde demandent \u00e0 \u00eatre consid\u00e9r\u00e9es comme de  vrais partenaires, de pouvoir participer \u00e0 l\u2019\u00e9laboration de projets, au  suivi et \u00e0 l\u2019\u00e9valuation.<\/p>\n<p>Pour bien comprendre cette participation des plus d\u00e9munis, je  souhaite vous partager un exemple v\u00e9cu dans une grande ville c\u00f4ti\u00e8re  d\u2019un pays d\u2019Afrique de l\u2019est.<\/p>\n<p>Au d\u00e9but de l\u2019ann\u00e9e 2000, cette ville s\u2019est lanc\u00e9e dans la  r\u00e9habilitation du march\u00e9 aux poissons, correspondant \u00e0 une volont\u00e9 de  d\u00e9veloppement \u00e9conomique et d\u2019assainissement. C\u2019est dans un bureau qu\u2019a  \u00e9t\u00e9 pens\u00e9 la construction du futur march\u00e9 couvert avec eau courante,  \u00e9lectricit\u00e9 et stands fixes, il n\u2019y a pas eu de diagnostic de terrain  approfondi.<\/p>\n<p>Les autorit\u00e9s locales ont organis\u00e9 des concertations avec les  repr\u00e9sentants des commer\u00e7ants, ainsi ils se sont r\u00e9partis les  emplacements et stands fixes, mais aucun des acteurs de l\u2019\u00e9conomie  informelle n\u2019a \u00e9t\u00e9 invit\u00e9 \u00e0 discuter.<\/p>\n<p>Ces acteurs de l\u2019\u00e9conomie informelle, ce sont eux qui d\u00e9chargent les  marchandises des camions, aident les voitures \u00e0 se garer, nettoient les  poissons, cherchent du bois pour cuire les poissons, etc \u2026 Ces hommes se  sont retrouv\u00e9s exclus d\u2019office de cette marche du progr\u00e8s. Lorsque le  march\u00e9 a ouvert ses portes, ils n\u2019ont pas eu de badges pour y acc\u00e9der,  ils ont continu\u00e9 \u00e0 tourner autour, cherchant de petites t\u00e2ches pour  vivre ou plut\u00f4t tenter de survivre.<\/p>\n<p>Alors la mairie s\u2019est lanc\u00e9e dans une v\u00e9ritable chasse \u00e0 l\u2019homme pour  faire tout simplement dispara\u00eetre ces travailleurs de l\u2019ombre de ce  paysage o\u00f9 ils n\u2019avaient plus leur place. Chass\u00e9s, ces hommes sont all\u00e9s  jusqu\u2019\u00e0 s\u2019enterrer vivant dans le sable avec une paille dans la bouche  pour respirer, afin de ne pas \u00eatre retrouv\u00e9 par la police.<\/p>\n<p>Notre proposition pour de ne laisser personne en arri\u00e8re dans les programmes de d\u00e9veloppement<em>,<\/em> est de nommer du personnel exp\u00e9riment\u00e9 aux c\u00f4t\u00e9s des directeurs de  projet. Mettre en oeuvre la participation sur le terrain des personnes  en situation de pauvret\u00e9, en lien avec les ONG qui les rassemblent,  faire remonter leurs attentes aux d\u00e9cideurs politiques et aux bailleurs  de fonds.<\/p>\n<p>Cela devrait contribuer \u00e0 renforcer la participation des populations  les plus d\u00e9laiss\u00e9es dans tous les projets de d\u00e9veloppement financ\u00e9s par  la France.<\/p>\n<p>Je voterai l\u2019avis<\/p>\n","protected":false},"excerpt":{"rendered":"<p>Monsieur le Pr\u00e9sident, Mesdames, Messieurs, Chers coll\u00e8gues, Monsieur le rapporteur, Un grand merci, Monsieur le rapporteur, pour votre travail. Je souhaite insister ici sur les conditions de l\u2019efficacit\u00e9 de l\u2019aide au d\u00e9veloppement. Elles sont essentielles pour qu\u2019enfin cela change, qu\u2019enfin &hellip; <a href=\"https:\/\/blogs.atd-quartmonde.fr\/magrard\/2013\/11\/28\/projet-de-loi-sur-le-developpement\/\">Continuer la lecture <span class=\"meta-nav\">&rarr;<\/span><\/a><\/p>\n","protected":false},"author":2,"featured_media":0,"comment_status":"open","ping_status":"open","sticky":false,"template":"","format":"standard","meta":{"footnotes":""},"categories":[4],"tags":[11],"class_list":["post-168","post","type-post","status-publish","format-standard","hentry","category-interventions-au-cese","tag-developpement"],"post_mailing_queue_ids":[],"_links":{"self":[{"href":"https:\/\/blogs.atd-quartmonde.fr\/magrard\/wp-json\/wp\/v2\/posts\/168","targetHints":{"allow":["GET"]}}],"collection":[{"href":"https:\/\/blogs.atd-quartmonde.fr\/magrard\/wp-json\/wp\/v2\/posts"}],"about":[{"href":"https:\/\/blogs.atd-quartmonde.fr\/magrard\/wp-json\/wp\/v2\/types\/post"}],"author":[{"embeddable":true,"href":"https:\/\/blogs.atd-quartmonde.fr\/magrard\/wp-json\/wp\/v2\/users\/2"}],"replies":[{"embeddable":true,"href":"https:\/\/blogs.atd-quartmonde.fr\/magrard\/wp-json\/wp\/v2\/comments?post=168"}],"version-history":[{"count":0,"href":"https:\/\/blogs.atd-quartmonde.fr\/magrard\/wp-json\/wp\/v2\/posts\/168\/revisions"}],"wp:attachment":[{"href":"https:\/\/blogs.atd-quartmonde.fr\/magrard\/wp-json\/wp\/v2\/media?parent=168"}],"wp:term":[{"taxonomy":"category","embeddable":true,"href":"https:\/\/blogs.atd-quartmonde.fr\/magrard\/wp-json\/wp\/v2\/categories?post=168"},{"taxonomy":"post_tag","embeddable":true,"href":"https:\/\/blogs.atd-quartmonde.fr\/magrard\/wp-json\/wp\/v2\/tags?post=168"}],"curies":[{"name":"wp","href":"https:\/\/api.w.org\/{rel}","templated":true}]}}