{"id":173,"date":"2014-02-17T06:26:33","date_gmt":"2014-02-17T06:26:33","guid":{"rendered":"http:\/\/www.atd-quartmonde.fr\/magrard\/?p=173"},"modified":"2014-02-17T06:26:33","modified_gmt":"2014-02-17T06:26:33","slug":"vieillesse-fin-de-vie-inegalites-2","status":"publish","type":"post","link":"https:\/\/blogs.atd-quartmonde.fr\/magrard\/2014\/02\/17\/vieillesse-fin-de-vie-inegalites-2\/","title":{"rendered":"Vieillesse \u2013 Fin de vie \u2013 in\u00e9galit\u00e9s"},"content":{"rendered":"<p>Chers coll\u00e8gues je souhaite d\u00e9marrer cette intervention en rendant  hommage \u00e0 Thierry Rauch d\u00e9c\u00e9d\u00e9 ce matin \u00e0 51 ans, cet homme \u00e9tait un  militant des droits de l\u2019homme qui m\u2019a beaucoup soutenu depuis que je  repr\u00e9sente ATD Quart Monde dans cette maison.<!--more--><\/p>\n<p>Les travaux d\u2019ATD Quart Monde au sujet de la vieillesse et de la fin  de vie des personnes qui ont la vie tr\u00e8s difficile, ne sont pas des  travaux aussi structur\u00e9s et travaill\u00e9s que sur bien d\u2019autres sujets.  Notre Mouvement a \u00e9t\u00e9 cr\u00e9\u00e9 en 1957 par Joseph Wr\u00e9sinski. Depuis plus de  50 ans des volontaires permanents vivent aux c\u00f4t\u00e9s des populations les  plus pauvres dans diverses r\u00e9gions de France et du monde. Nous n\u2019avons  pas fait d\u2019\u00e9tude particuli\u00e8re sur la vieillesse jusqu\u2019\u00e0 pr\u00e9sent, mais  nous avons une sacr\u00e9e mati\u00e8re car chaque jour les volontaires \u00e9crivent  ce qu\u2019ils d\u00e9couvrent de la vie des personnes tr\u00e8s pauvres\u00a0; la t\u00e9nacit\u00e9,  le courage de ces familles au quotidien pour vivre dignement ou m\u00eame  survivre.<\/p>\n<p>Ce que je peux vous dire aujourd\u2019hui \u2026<\/p>\n<ul>\n<li>On meurt jeune lorsque l\u2019on vit dans la      pauvret\u00e9, ou m\u00eame la  grande pauvret\u00e9. Les personnes les plus pauvres ne      b\u00e9n\u00e9ficient pas  ou tr\u00e8s peu de la m\u00e9decine pr\u00e9ventive, ils d\u00e9c\u00e8dent non      pas \u00e0 la  suite d\u2019un traitement mais bien souvent parce qu\u2019un traitement       n\u2019est m\u00eame plus n\u00e9cessaire. Nous avons nombre de t\u00e9moignages qui disent       combien d\u00e9j\u00e0 tr\u00e8s malades les personnes qui vivent dans des  conditions      tr\u00e8s difficiles sont souvent rejet\u00e9es par l\u2019h\u00f4pital,  parce qu\u2019elles y      arrivent trop cass\u00e9es, broy\u00e9es par une vie trop  rude et vont mourir chez      elle ou chez leurs enfants dans des  conditions non acceptables en 2014      dans notre pays.<\/li>\n<li>Les femmes et les hommes qui vivent dans des      conditions de  pauvret\u00e9 ou de grande pauvret\u00e9, bien souvent depuis leur      enfance,  d\u00e9c\u00e8dent souvent trop jeunes parce qu\u2019\u00e9puis\u00e9s d\u2019une vie de      mis\u00e8re\u00a0;  leur corps \u00e9tant us\u00e9 par des ann\u00e9es de vie difficile, ou      n\u00e9glig\u00e9  parce c\u2019est difficile de se soigner, et que la survie mobilise      d\u00e9j\u00e0  toutes les \u00e9nergies de la personne. Je suis impressionn\u00e9e du nombre       d\u2019adultes jeunes (moins de 45ans) que nous accompagnons dans leur  derni\u00e8re      demeure chaque ann\u00e9e.<\/li>\n<li>Une \u00e9tude de l\u2019Inserm montre que les      personnes qui vivent \u00e0 la  rue, dans des cabanes, dans des conditions tr\u00e8s      difficiles durant  plusieurs ann\u00e9es ont une esp\u00e9rance de vie de 49ans      contre 81ans  pour le reste de la population fran\u00e7aise, c\u2019est effarant. 32ans       d\u2019\u00e9cart d\u2019esp\u00e9rance de vie entre une personne qui subit la pauvret\u00e9 et       moi\u00a0! Cet \u00e2ge correspond \u00e0 l\u2019esp\u00e9rance de vie dans les pays  d\u2019Afrique      Congo, Mauritanie, Niger, Kenya, \u2026. En France en 2013  plus de 400      personnes sont d\u00e9c\u00e9d\u00e9es dans la rue, c\u2019est le collectif  des morts de la      rue qui donnent ces chiffres.<\/li>\n<li>Nous l\u2019avons constat\u00e9 lors de l\u2019\u00e9t\u00e9      caniculaire, l\u2019oubli des  personnes \u00e2g\u00e9es par les autres n\u2019est pas      l\u2019exclusivit\u00e9 des plus  pauvres. Simplement, les tr\u00e8s pauvres pourraient      nous mettre en  alerte, parce qu\u2019ils subissent l\u2019inutilit\u00e9 sociale et la      n\u00e9gation  de leurs capacit\u00e9s, notamment affectives, bien avant que d\u2019\u00eatre       \u00e2g\u00e9s. Les personnes tr\u00e8s pauvres en fin de vie que nous rencontrons  vivent      dans des quartiers \u00ab\u00a0difficiles\u00a0\u00bb, dans des cabanes, des       campements, des caravanes, de chambre d\u2019h\u00f4tel en chambre d\u2019h\u00f4tel, dans  la      rue \u2026<\/li>\n<\/ul>\n<p>L\u2019esp\u00e9rance de vie est de plus en plus r\u00e9duite au fur et \u00e0 mesure que  l\u2019on descend dans l\u2019\u00e9chelle sociale. Mais m\u00eame en vivant moins  d\u2019ann\u00e9es, chaque personne est en droit de vieillir dans la dignit\u00e9 et la  tendresse, plut\u00f4t que dans la solitude et le d\u00e9labrement. La vieillesse  n\u2019est jamais que l\u2019aboutissement de toute une existence.<\/p>\n<p>L\u2019injuste sort des pauvres peut difficilement se mesurer uniquement  en termes d\u2019acc\u00e8s \u00e0 des droits \u00e9conomiques et sociaux. Face \u00e0 la  vieillesse, comme face \u00e0 la maladie ou \u00e0 la mort, on pourrait croire de  prime abord que nous sommes tous \u00e9gaux, et c\u2019est vrai en partie : le  cancer, et toutes sortes de maladies graves frappent dans toutes les  couches sociales (sans doute davantage les tr\u00e8s pauvres mais ils  d\u00e9c\u00e8dent avant de recevoir des traitements), et la prise en charge de la  s\u00e9curit\u00e9 sociale \u00e0 100% dans ces cas l\u00e0 est \u00e9gale pour tous, au moins  en France.<\/p>\n<p>Mais la vieillesse est aussi la r\u00e9sultante de toute une vie : si  pendant toute votre vie, on s\u2019est \u00e9vertu\u00e9 \u00e0 briser les liens qui vous  rattachent \u00e0 l\u2019int\u00e9rieur de votre famille et dans votre environnement,  comment ne pas sombrer dans la solitude ? Si pendant cinquante ans ou  plus les autres adultes se sont ing\u00e9ni\u00e9s \u00e0 vous dire que vous ne valez  rien, que vous n\u2019\u00eates capable de rien, et que vous \u00eates n\u00e9faste pour  votre entourage \u2026 comment trouver dans le vieillissement la s\u00e9r\u00e9nit\u00e9, la  capacit\u00e9 d\u2019aimer et d\u2019enraciner les plus jeunes dans une histoire dont  ils puissent \u00eatre fiers ?<\/p>\n<p>Comme je le disais en d\u00e9marrant ce propos, vieillir, lorsqu\u2019on a v\u00e9cu  toute son existence dans la mis\u00e8re : quel luxe ! Il y en a tant, et  tant, qui meurent d\u2019usure, bien avant que d\u2019\u00eatre vieux. D\u2019autres ont  l\u2019air vieux, mais lorsque l\u2019on d\u00e9couvre leur \u00e9tat civil, ils ont vingt  ans de moins que ce qu\u2019ils paraissent. Certes, ce n\u2019est pas vrai pour  tous. Ainsi, Madame Janine, qui apr\u00e8s une vie de mis\u00e8re, vraiment  difficile a fini ses jours dans une maison de retraite : elle n\u2019a jamais  pu s\u2019habituer au lit douillet de sa chambre, et du coup elle dormait  sur le tapis au pied du lit. Le personnel l\u2019a accept\u00e9e comme elle \u00e9tait.<\/p>\n<p>Un autre exemple\u00a0: les parents de Jo\u00ebl, malgr\u00e9 toutes les duret\u00e9s de  leurs vies, ont atteint l\u2019\u00e2ge de la retraite. Qu\u2019ils \u00e9taient heureux !  Enfin, ils avaient droit \u00e0 des ressources r\u00e9guli\u00e8res et honorables, ils  touchaient le minimum vieillesse. Bien s\u00fbr, on peut dire que ce n\u2019est  pas beaucoup, compar\u00e9 \u00e0 ce que touchent d\u2019autres personnes \u00e2g\u00e9es, qui  peuvent se permettre de faire des voyages, de g\u00e2ter leurs enfants et  petits-enfants, de s\u2019offrir des loisirs on\u00e9reux. Ce n\u2019est pas beaucoup  pour se maintenir en bonne sant\u00e9, se payer le coiffeur ou l\u2019appareil  dentaire qui feront de vous des \u201c vieux pr\u00e9sentables \u201d.<\/p>\n<p>Mais compar\u00e9 \u00e0 toutes ces ann\u00e9es v\u00e9cues dans le d\u00e9nuement,  l\u2019angoisse, les humiliations, ces ann\u00e9es o\u00f9 l\u2019on n\u2019arrivait pas \u00e0  assurer le n\u00e9cessaire aux enfants, o\u00f9 ceux-ci vous \u00e9taient parfois  arrach\u00e9s, ces ann\u00e9es o\u00f9 l\u2019on n\u2019a jamais connu un logement qui repr\u00e9sente  une s\u00e9curit\u00e9, un travail qui vous conf\u00e8re la dignit\u00e9 et la fraternit\u00e9  avec d\u2019autres travailleurs \u2026 eh bien le minimum vieillesse, c\u2019est la  respectabilit\u00e9. Le drame de beaucoup de gens tr\u00e8s pauvres, c\u2019est que  cette respectabilit\u00e9 arrive trop tard.<\/p>\n","protected":false},"excerpt":{"rendered":"<p>Chers coll\u00e8gues je souhaite d\u00e9marrer cette intervention en rendant hommage \u00e0 Thierry Rauch d\u00e9c\u00e9d\u00e9 ce matin \u00e0 51 ans, cet homme \u00e9tait un militant des droits de l\u2019homme qui m\u2019a beaucoup soutenu depuis que je repr\u00e9sente ATD Quart Monde dans &hellip; <a href=\"https:\/\/blogs.atd-quartmonde.fr\/magrard\/2014\/02\/17\/vieillesse-fin-de-vie-inegalites-2\/\">Continuer la lecture <span class=\"meta-nav\">&rarr;<\/span><\/a><\/p>\n","protected":false},"author":2,"featured_media":0,"comment_status":"open","ping_status":"open","sticky":false,"template":"","format":"standard","meta":{"footnotes":""},"categories":[4],"tags":[25,48],"class_list":["post-173","post","type-post","status-publish","format-standard","hentry","category-interventions-au-cese","tag-fin-de-vie","tag-vieillesse"],"post_mailing_queue_ids":[],"_links":{"self":[{"href":"https:\/\/blogs.atd-quartmonde.fr\/magrard\/wp-json\/wp\/v2\/posts\/173","targetHints":{"allow":["GET"]}}],"collection":[{"href":"https:\/\/blogs.atd-quartmonde.fr\/magrard\/wp-json\/wp\/v2\/posts"}],"about":[{"href":"https:\/\/blogs.atd-quartmonde.fr\/magrard\/wp-json\/wp\/v2\/types\/post"}],"author":[{"embeddable":true,"href":"https:\/\/blogs.atd-quartmonde.fr\/magrard\/wp-json\/wp\/v2\/users\/2"}],"replies":[{"embeddable":true,"href":"https:\/\/blogs.atd-quartmonde.fr\/magrard\/wp-json\/wp\/v2\/comments?post=173"}],"version-history":[{"count":0,"href":"https:\/\/blogs.atd-quartmonde.fr\/magrard\/wp-json\/wp\/v2\/posts\/173\/revisions"}],"wp:attachment":[{"href":"https:\/\/blogs.atd-quartmonde.fr\/magrard\/wp-json\/wp\/v2\/media?parent=173"}],"wp:term":[{"taxonomy":"category","embeddable":true,"href":"https:\/\/blogs.atd-quartmonde.fr\/magrard\/wp-json\/wp\/v2\/categories?post=173"},{"taxonomy":"post_tag","embeddable":true,"href":"https:\/\/blogs.atd-quartmonde.fr\/magrard\/wp-json\/wp\/v2\/tags?post=173"}],"curies":[{"name":"wp","href":"https:\/\/api.w.org\/{rel}","templated":true}]}}