{"id":177,"date":"2014-02-26T06:31:19","date_gmt":"2014-02-26T06:31:19","guid":{"rendered":"http:\/\/www.atd-quartmonde.fr\/magrard\/?p=177"},"modified":"2014-02-26T06:31:19","modified_gmt":"2014-02-26T06:31:19","slug":"vivre-ensemble","status":"publish","type":"post","link":"https:\/\/blogs.atd-quartmonde.fr\/magrard\/2014\/02\/26\/vivre-ensemble\/","title":{"rendered":"Vivre Ensemble"},"content":{"rendered":"<p>Bonjour \u00e0 tous. Je vais \u00eatre sans doute beaucoup plus concr\u00e8te que  mes pr\u00e9d\u00e9cesseurs, c\u2019est ma fa\u00e7on de vous partager ce que nous vivons \u00e0  ATD Quart Monde.<!--more--><\/p>\n<p>Depuis ce matin on a beaucoup parl\u00e9 d\u2019ATD Quart Monde, je voudrais  remercier toutes les personnes qui l\u2019ont fait. C\u2019est vrai, ATD Quart  Monde a une place particuli\u00e8re dans cette maison (le CESE) depuis 1979,  puisque Joseph Wr\u00e9sinski, notre fondateur, a si\u00e9g\u00e9 au Conseil de 1979 \u00e0  1988 en produisant un rapport qui fait date intitul\u00e9 \u00ab\u00a0Grande pauvret\u00e9  et pr\u00e9carit\u00e9 \u00e9conomique et social\u00a0\u00bb, puis Genevi\u00e8ve Anthonioz-de Gaulle a  pris sa suite jusqu\u2019en 1998 publiant un rapport pour pr\u00e9parer la loi de  lutte contre les exclusions.<\/p>\n<p>ATD veut dire \u00ab\u00a0Agir Tous pour la Dignit\u00e9\u00a0\u00bb. Le combat d\u2019ATD Quart  Monde est \u00e9minemment politique au sens premier du mot \u00ab\u00a0politique\u00a0\u00bb.  Notre combat est vraiment que les personnes qui vivent dans la grande  pauvret\u00e9 puissent retrouver leur dignit\u00e9, avec elles nous cheminons,  avec elles nous r\u00e9fl\u00e9chissons et agissons pour changer notre soci\u00e9t\u00e9.  Comment faire pour que notre soci\u00e9t\u00e9 \u00e9radique la pauvret\u00e9 et la grande  pauvret\u00e9\u00a0?<\/p>\n<p>Je voudrais revenir sur quelque chose qui a \u00e9t\u00e9 dit un certain nombre  de fois et sur le sondage qui vient d\u2019\u00eatre montr\u00e9 parce que je suis  toujours un peu g\u00ean\u00e9e d\u2019entendre que nombre de fran\u00e7ais ont le sentiment  qu\u2019ils peuvent devenir pauvres voir tr\u00e8s pauvres. Nous sommes tous  p\u00e9tris d\u2019angoisses diff\u00e9rentes selon la vie que nous menons, mais il  faut quand m\u00eame savoir de quoi nous parlons lorsque l\u2019on dit \u00ab\u00a0vivre  dans la pauvret\u00e9\u00a0\u00bb. C\u2019est vivre sous le seuil de pauvret\u00e9, qui est de  960\u00a0\u20ac par mois, mais vivre avec le RSA c\u2019est vivre avec 450\u00a0\u20ac. Comment  faites-vous pour vivre aujourd\u2019hui en France avec 450\u00a0\u20ac par mois\u00a0?<\/p>\n<p>La d\u00e9finition de \u00ab\u00a0vivre dans la pauvret\u00e9\u00a0\u00bb, je ne vais pas vous la  relire, mais celle qui me sert de r\u00e9f\u00e9rence est celle qui a \u00e9t\u00e9 \u00e9crite,  et surtout discut\u00e9e avec les coll\u00e8gues du Conseil \u00e9conomique et social \u00e0  l\u2019\u00e9poque par Joseph Wr\u00e9sinski puis vot\u00e9e dans cette enceinte en f\u00e9vrier  1987, et reprise par l\u2019ONU en 1996, c\u2019est \u00ab\u00a0perdre une ou plusieurs de  ses s\u00e9curit\u00e9s\u00a0: perdre son emploi, son logement, avoir des difficult\u00e9s  pour vivre en famille, avoir des probl\u00e8mes de sant\u00e9, \u2026\u00a0\u00bb<\/p>\n<p>Et elle conduit \u00e0 la grande pauvret\u00e9 quand elle affecte plusieurs  domaines de l\u2019existence, qu\u2019elle devient persistante, qu\u2019elle compromet  les chances d\u2019assumer \u00e0 nouveau des responsabilit\u00e9s et de reconqu\u00e9rir  ses droits par soi-m\u00eame dans un avenir pr\u00e9visible.<\/p>\n<p>L\u00e0 je souhaite insister, la grande pauvret\u00e9 casse terriblement les gens et de fa\u00e7on souvent durable.<\/p>\n<p>J\u2019aurais vraiment aim\u00e9, il faudra y songer pour la prochaine fois,  qu\u2019une personne qui a l\u2019exp\u00e9rience de la grande pauvret\u00e9 puisse venir  vous parler ici.<\/p>\n<p><em>(Applaudissements)<\/em><\/p>\n<p>Vous nous demandez de faire des propositions pour le vivre ensemble.  J\u2019ai un certain nombre d\u2019id\u00e9es, j\u2019en ai m\u00eame plein ma besace. Une ou  deux choses d\u2019abord.<\/p>\n<p>Pour nous, \u00e0 ATD Quart Monde, l\u2019une des choses qui nous semble  essentielle pour ne plus avoir 8\u00a0millions de personnes qui vivent sous  le seuil de pauvret\u00e9 en France, c\u2019est qu\u2019il faut un vrai changement de  regard et faire changer les choses en profondeur dans notre soci\u00e9t\u00e9 dans  un certain nombre de domaines.<\/p>\n<p>L\u2019historienne de ce matin disait que nous avions dans notre poche un  projet d\u2019\u00e9radiquer le ch\u00f4mage de longue dur\u00e9e. Oui, nous avons la folie  de croire qu\u2019il est possible d\u2019\u00e9radiquer le ch\u00f4mage de longue dur\u00e9e, et  pour cela, nous voulons l\u2019exp\u00e9rimenter sur trois territoires en France  et nous esp\u00e9rons bien y arriver afin que ce soit multipli\u00e9 sur tout le  territoire. Eradiquer le ch\u00f4mage de longue dur\u00e9e, \u00e7a changerait  dr\u00f4lement les choses dans notre pays\u00a0!<\/p>\n<p>Nous voulons aussi changer les choses dans le domaine de l\u2019\u00e9ducation.  Comme le disait Philipe Da Costa \u00e0 l\u2019instant, en France, et l\u2019enqu\u00eate  PISA le redit aussi\u00a0: notre syst\u00e8me d\u2019\u00e9ducation est terriblement  in\u00e9galitaire. D\u00e8s la maternelle des enfants sont mis de c\u00f4t\u00e9, des  enfants sont jug\u00e9s comme incapables. Une inspectrice g\u00e9n\u00e9rale de  l\u2019Education nationale racontait la semaine derni\u00e8re que des enfants en  maternelle disent\u00a0: \u00ab<em>Je suis nul, je ne peux pas le faire<\/em> \u00bb  c\u2019est tr\u00e8s grave et franchement dommageable pour leur avenir. Pour cela  ATD Quart Monde travaille depuis de nombreuses ann\u00e9es dans le domaine de  l\u2019\u00e9ducation et je vous invite \u00e0 lire le livre \u00ab\u00a0Tous peuvent r\u00e9ussir,  partir des enfants dont on n\u2019attend rien.\u00a0\u00bb<\/p>\n<p>Une chose essentielle aussi, il faut que nous arrivions \u00e0 recr\u00e9er du  vivre ensemble. Je vais vous raconter une courte histoire mais vraie,  qui me r\u00e9volte. Un enfant vient dans son \u00e9cole avec un g\u00e2teau parce que  c\u2019est son anniversaire -l\u2019institutrice incite tous les enfants \u00e0 venir  avec un g\u00e2teau le jour de leur anniversaire-, cet enfant a des  difficult\u00e9s dans sa vie familiale\u00a0: il vit de chambre d\u2019h\u00f4tel en chambre  d\u2019h\u00f4tel avec sa famille puisqu\u2019ils ont \u00e9t\u00e9 expuls\u00e9 de leur logement. Eh  bien lorsqu\u2019il apporte son g\u00e2teau, un certain nombre de camarades de sa  classe ne veulent pas go\u00fbter son g\u00e2teau, il n\u2019y a eu que quatre enfants  dans la classe qui ont go\u00fbt\u00e9 le g\u00e2teau. Pire encore\u00a0: quand  l\u2019institutrice, assez choqu\u00e9e de voir tous ces enfants refuser le  g\u00e2teau, apr\u00e8s avoir essay\u00e9 un certain nombre de gestes pour att\u00e9nuer  l\u2019\u00e9chec, elle l\u2019a apport\u00e9 en salle des professeurs pour partager ce  g\u00e2teau \u00e0 la r\u00e9cr\u00e9ation avec les enseignants, aucun d\u2019entre eux n\u2019a voulu  partager le g\u00e2teau parce qu\u2019il venait de cet enfant. C\u2019est  inacceptable.<\/p>\n<p>Notre pays est arriv\u00e9 \u00e0 un stade o\u00f9 nous ne pouvons plus accepter que  les plus pauvres soient montr\u00e9s du doigt comme c\u2019est le cas tous les  jours.<\/p>\n<p>Les plus pauvres sont montr\u00e9s du doigt, servent de bouc \u00e9missaire car  nous ne les connaissons pas, nous ne savons pas ce qu\u2019ils vivent. Et  quand on ne conna\u00eet pas quelqu\u2019un, on ne peut pas en parler, on ne peut  pas le comprendre.<\/p>\n<p>Je me permets juste de faire une seconde de publicit\u00e9, mais c\u2019est de  la publicit\u00e9 pour mieux vivre ensemble\u00a0! Pendant la campagne  pr\u00e9sidentielle de 2012 nous avons r\u00e9fl\u00e9chi \u00e0 des id\u00e9es re\u00e7ues car,  vraiment ce n\u2019\u00e9tait plus possible de montrer les plus pauvres du doigt  comme cela et nous avons combattu ces id\u00e9es re\u00e7ues, depuis nous avons  d\u00e9cid\u00e9 d\u2019en faire un livre \u00ab\u00a0<em>En finir avec les id\u00e9es fausses sur les pauvres et la pauvret\u00e9\u00a0\u00bb <\/em>(il ne co\u00fbte que 5 euros\u00a0!).<\/p>\n<p>Je me permets d\u2019en faire la publicit\u00e9 parce qu\u2019en deux mois, nous en  avons vendu 30\u00a0000\u00a0exemplaires et surtout, nous sommes avec des  partenaires avec lesquels nous ne sommes pas habituellement, nous sommes  avec des syndicats, CFDT, CFTC, CGT, FO, UNSA et la MSA, donc avec les  agriculteurs, avec les Scouts et Guides de France, et d\u2019autres  associations, \u2026 etc.<\/p>\n<p>Je trouve tr\u00e8s important que nous soyons tous, secteur associatif,  syndicats, la soci\u00e9t\u00e9 civile, tous ensemble pour dire \u00ab\u00a0Non, nous ne  voulons pas \u00eatre divis\u00e9s, \u00eatre les uns contre les autres, nous voulons  nous conna\u00eetre, nous voulons b\u00e2tir ensemble la soci\u00e9t\u00e9 de demain\u00a0\u00bb<\/p>\n","protected":false},"excerpt":{"rendered":"<p>Bonjour \u00e0 tous. Je vais \u00eatre sans doute beaucoup plus concr\u00e8te que mes pr\u00e9d\u00e9cesseurs, c\u2019est ma fa\u00e7on de vous partager ce que nous vivons \u00e0 ATD Quart Monde.<\/p>\n","protected":false},"author":2,"featured_media":0,"comment_status":"open","ping_status":"open","sticky":false,"template":"","format":"standard","meta":{"footnotes":""},"categories":[4],"tags":[],"class_list":["post-177","post","type-post","status-publish","format-standard","hentry","category-interventions-au-cese"],"post_mailing_queue_ids":[],"_links":{"self":[{"href":"https:\/\/blogs.atd-quartmonde.fr\/magrard\/wp-json\/wp\/v2\/posts\/177","targetHints":{"allow":["GET"]}}],"collection":[{"href":"https:\/\/blogs.atd-quartmonde.fr\/magrard\/wp-json\/wp\/v2\/posts"}],"about":[{"href":"https:\/\/blogs.atd-quartmonde.fr\/magrard\/wp-json\/wp\/v2\/types\/post"}],"author":[{"embeddable":true,"href":"https:\/\/blogs.atd-quartmonde.fr\/magrard\/wp-json\/wp\/v2\/users\/2"}],"replies":[{"embeddable":true,"href":"https:\/\/blogs.atd-quartmonde.fr\/magrard\/wp-json\/wp\/v2\/comments?post=177"}],"version-history":[{"count":0,"href":"https:\/\/blogs.atd-quartmonde.fr\/magrard\/wp-json\/wp\/v2\/posts\/177\/revisions"}],"wp:attachment":[{"href":"https:\/\/blogs.atd-quartmonde.fr\/magrard\/wp-json\/wp\/v2\/media?parent=177"}],"wp:term":[{"taxonomy":"category","embeddable":true,"href":"https:\/\/blogs.atd-quartmonde.fr\/magrard\/wp-json\/wp\/v2\/categories?post=177"},{"taxonomy":"post_tag","embeddable":true,"href":"https:\/\/blogs.atd-quartmonde.fr\/magrard\/wp-json\/wp\/v2\/tags?post=177"}],"curies":[{"name":"wp","href":"https:\/\/api.w.org\/{rel}","templated":true}]}}