{"id":179,"date":"2014-03-26T06:33:26","date_gmt":"2014-03-26T06:33:26","guid":{"rendered":"http:\/\/www.atd-quartmonde.fr\/magrard\/?p=179"},"modified":"2014-03-26T06:33:26","modified_gmt":"2014-03-26T06:33:26","slug":"projet-de-loi-vieillissement","status":"publish","type":"post","link":"https:\/\/blogs.atd-quartmonde.fr\/magrard\/2014\/03\/26\/projet-de-loi-vieillissement\/","title":{"rendered":"Projet de loi vieillissement"},"content":{"rendered":"<p><strong>Madame la Ministre, Monsieur le Pr\u00e9sident, <\/strong><strong>Mesdames, Messieurs,<\/strong><\/p>\n<p><strong>Chers Coll\u00e8gues, chers rapporteurs<\/strong><\/p>\n<p>Un grand merci cher Daniel pour ton attention \u00e0 l\u2019opinion de chacun.  Ton sens du dialogue nous a permis de mener \u00e0 bien ce travail dans un  temps tr\u00e8s contraint.<!--more--><\/p>\n<p>Merci aussi au Professeur Gilles Berrut et \u00e0 son \u00e9quipe. La journ\u00e9e \u00e0  Nantes \u00e0 la d\u00e9couverte du G\u00e9rontop\u00f4le nous a beaucoup appris. En  particulier, je retiens que sans \u00e9quipe pluridisciplinaire autour de  lui, le m\u00e9decin g\u00e9riatre ne peut soigner son patient dans la globalit\u00e9  de sa personne\u00a0; ce qui est dommageable pour le patient, bien s\u00fbr, mais  \u00e9galement pour son entourage et pour le personnel soignant. Je\u00a0 souhaite  insister ici sur une formation sp\u00e9cifique du personnel aidant, en effet  trop souvent les personnes \u00e2g\u00e9es devenues vuln\u00e9rables sont l\u2019objet de  maltraitance.<\/p>\n<p>L\u2019avis fait \u00e9tat d\u2019une \u00e9tude du Collectif des morts de la rue nous  apprenant que l\u2019esp\u00e9rance de vie des personnes au parcours de pauvret\u00e9  est de quarante-neuf ans contre quatre-vingt-deux ans pour une personne  comme vous et moi. Trente-trois ans d\u2019\u00e9cart\u00a0! C\u2019est effarant et  r\u00e9voltant. \u00a0Cela montre \u00e0 l\u2019\u00e9vidence que les meilleures mesures pour  am\u00e9liorer les conditions de vie des plus \u00e2g\u00e9s d\u2019entre nous ne pourront  rien pour ceux et celles qui sont avant tout victimes des in\u00e9galit\u00e9s  sociales. Ce projet d\u2019avis le pointe d\u2019ailleurs fort justement en  rappelant la n\u00e9cessit\u00e9 de faire de la lutte contre ces in\u00e9galit\u00e9s une  priorit\u00e9. Comment ne pas souscrire \u00e0 cette proposition \u2013 et tout mettre  en \u0153uvre pour la r\u00e9aliser \u2013 quand on sait que huit millions de nos  concitoyens vivent sous le seuil de pauvret\u00e9, ce qui hypoth\u00e8que leurs  chances d\u2019une vieillesse digne\u00a0?<\/p>\n<p>Dans cet avis je suis frapp\u00e9e par la similitude des interrogations  que posent le monde de la vieillesse et le monde de la pauvret\u00e9. Je  m\u2019explique.\u00a0 Regrettant que ce projet de loi reste globalement cantonn\u00e9 \u00e0  la sph\u00e8re du m\u00e9dico-social, vous sugg\u00e9rez d\u2019int\u00e9grer cette question dans toutes les politiques publiques.  L\u2019enjeu, dites-vous tr\u00e8s concr\u00e8tement, est de faire prendre conscience  aux \u00e9lus et services des collectivit\u00e9s territoriales que le  vieillissement impacte toutes les politiques (logement, urbanisme,  transport\u2026) et pas seulement les politiques sociales. Par ailleurs, vous  rappelez que le CESE partage l\u2019approche de ce projet de loi en ce qu\u2019il  est fond\u00e9 sur le respect des droits fondamentaux.<\/p>\n<p>C\u2019est exactement ce que l\u2019on retrouve dans le rapport du CES <em>Grande Pauvret\u00e9 et Pr\u00e9carit\u00e9 \u00e9conomique et social<\/em> de 1987, qui a ouvert la voie \u00e0 la <em>Loi d\u2019orientation relative \u00e0 la lutte contre les exclusions<\/em> de 1998. Celle-ci affirme dans son article premier qu\u2019elle \u00ab\u00a0<em>tend  \u00e0 garantir sur l\u2019ensemble du territoire l\u2019acc\u00e8s effectif de tous aux  droits fondamentaux dans les domaines de l\u2019emploi, du logement, de la  protection de la sant\u00e9, de la justice, de l\u2019\u00e9ducation, de la formation  et de la culture, de la protection de la famille et de l\u2019enfance\u00a0\u00bb.<\/em><\/p>\n<p>Il m\u2019a sembl\u00e9 que ce parall\u00e8le entre pauvret\u00e9 et vieillissement \u00e9tait  instructif. A tout le moins, il montre que le CESE a de la suite dans  les id\u00e9es, ce qui n\u2019est d\u00e9j\u00e0 pas si mal\u00a0! Il montre aussi que ni les  personnes \u00e2g\u00e9es ni celles en situation de pauvret\u00e9 ne doivent \u00eatre  consid\u00e9r\u00e9es, ni surtout \u00ab\u00a0trait\u00e9es\u00a0\u00bb \u00e0 part. Il en va d\u2019ailleurs de m\u00eame  pour les personnes dites handicap\u00e9es tant sur le plan physique que  mental. Toutes, sans exception, rel\u00e8vent du droit commun et des  politiques publiques, \u00e0 l\u2019instar de l\u2019ensemble des citoyens. C\u2019est la  colonne vert\u00e9brale de votre projet d\u2019avis, Monsieur le rapporteur, et  c\u2019est la principale raison pour laquelle je le voterai.<\/p>\n","protected":false},"excerpt":{"rendered":"<p>Madame la Ministre, Monsieur le Pr\u00e9sident, Mesdames, Messieurs, Chers Coll\u00e8gues, chers rapporteurs Un grand merci cher Daniel pour ton attention \u00e0 l\u2019opinion de chacun. Ton sens du dialogue nous a permis de mener \u00e0 bien ce travail dans un temps &hellip; <a href=\"https:\/\/blogs.atd-quartmonde.fr\/magrard\/2014\/03\/26\/projet-de-loi-vieillissement\/\">Continuer la lecture <span class=\"meta-nav\">&rarr;<\/span><\/a><\/p>\n","protected":false},"author":2,"featured_media":0,"comment_status":"open","ping_status":"open","sticky":false,"template":"","format":"standard","meta":{"footnotes":""},"categories":[4],"tags":[48],"class_list":["post-179","post","type-post","status-publish","format-standard","hentry","category-interventions-au-cese","tag-vieillesse"],"post_mailing_queue_ids":[],"_links":{"self":[{"href":"https:\/\/blogs.atd-quartmonde.fr\/magrard\/wp-json\/wp\/v2\/posts\/179","targetHints":{"allow":["GET"]}}],"collection":[{"href":"https:\/\/blogs.atd-quartmonde.fr\/magrard\/wp-json\/wp\/v2\/posts"}],"about":[{"href":"https:\/\/blogs.atd-quartmonde.fr\/magrard\/wp-json\/wp\/v2\/types\/post"}],"author":[{"embeddable":true,"href":"https:\/\/blogs.atd-quartmonde.fr\/magrard\/wp-json\/wp\/v2\/users\/2"}],"replies":[{"embeddable":true,"href":"https:\/\/blogs.atd-quartmonde.fr\/magrard\/wp-json\/wp\/v2\/comments?post=179"}],"version-history":[{"count":0,"href":"https:\/\/blogs.atd-quartmonde.fr\/magrard\/wp-json\/wp\/v2\/posts\/179\/revisions"}],"wp:attachment":[{"href":"https:\/\/blogs.atd-quartmonde.fr\/magrard\/wp-json\/wp\/v2\/media?parent=179"}],"wp:term":[{"taxonomy":"category","embeddable":true,"href":"https:\/\/blogs.atd-quartmonde.fr\/magrard\/wp-json\/wp\/v2\/categories?post=179"},{"taxonomy":"post_tag","embeddable":true,"href":"https:\/\/blogs.atd-quartmonde.fr\/magrard\/wp-json\/wp\/v2\/tags?post=179"}],"curies":[{"name":"wp","href":"https:\/\/api.w.org\/{rel}","templated":true}]}}