{"id":187,"date":"2014-06-29T19:02:24","date_gmt":"2014-06-29T19:02:24","guid":{"rendered":"http:\/\/www.atd-quartmonde.fr\/magrard\/?p=187"},"modified":"2014-06-29T19:02:24","modified_gmt":"2014-06-29T19:02:24","slug":"handicap-inclusion","status":"publish","type":"post","link":"https:\/\/blogs.atd-quartmonde.fr\/magrard\/2014\/06\/29\/handicap-inclusion\/","title":{"rendered":"Handicap inclusion"},"content":{"rendered":"<p><strong>Madame la Ministre, Monsieur le Pr\u00e9sident, <\/strong><\/p>\n<p><strong>Mesdames, Messieurs,\u00a0<\/strong><strong>Chers Coll\u00e8gues, Madame le rapporteur<\/strong><\/p>\n<p>Un grand merci, ch\u00e8re Christel, pour ce travail. D\u00e8s le d\u00e9but, tu nous as mis au c\u0153ur du sujet, gr\u00e2ce \u00e0 des auditions passionnantes et d\u00e9capantes de personnes engag\u00e9es, en situation de handicap. Ces personnes nous ont ouvert les yeux et l\u2019esprit et je les en remercie.<!--more--><\/p>\n<p>En 1975, a \u00e9t\u00e9 vot\u00e9e la premi\u00e8re loi fran\u00e7aise significative relative au handicap. Elle a substitu\u00e9 \u00e0 la notion de charit\u00e9 &#8211; souvent condescendante &#8211; celle de solidarit\u00e9 avec la personne handicap\u00e9e.<\/p>\n<p>D\u2019autres lois ont suivi, concernant diff\u00e9rents aspects de la vie des personnes en situation de handicap\u00a0: l\u2019\u00e9cole, le travail, la discrimination, l\u2019accessibilit\u00e9, les ressources\u2026 La France a donc aujourd\u2019hui un corpus l\u00e9gislatif important. Malheureusement, comme vous le d\u00e9plorez, Madame le rapporteur, <em>les r\u00e9ponses apport\u00e9es sont toujours tr\u00e8s institutionnelles et cloisonn\u00e9es par rapport au droit commun.<\/em><\/p>\n<p>Aussi ce rapport propose-t-il un changement de point de vue. A l\u2019instar de l\u2019\u00e9volution de la notion de charit\u00e9 vers celle de solidarit\u00e9, il pr\u00e9conise de faire \u00e9voluer la notion d\u2019int\u00e9gration vers celle d\u2019inclusion. Il s\u2019agit de passer d\u2019une soci\u00e9t\u00e9 demandant aux personnes en situation de handicap de \u00ab\u00a0s\u2019adapter\u00a0\u00bb, \u00e0 une soci\u00e9t\u00e9 \u00e9labor\u00e9e avec la participation de ces m\u00eames personnes. Le parall\u00e8le avec les populations en situation de pauvret\u00e9 est \u00e9vident. Aucune soci\u00e9t\u00e9, jamais, ne parviendra \u00e0 ce que tous ses membres acc\u00e8dent au droit commun, tant qu\u2019elle ne sera pas con\u00e7ue avec la r\u00e9flexion de ceux \u00e0 qui l\u2019on a trop souvent r\u00e9serv\u00e9, en raison de leur \u00ab\u00a0diff\u00e9rence\u00a0\u00bb, des mesures sp\u00e9cifiques.<\/p>\n<p>On compte pr\u00e8s de 12 millions de personnes handicap\u00e9es en France et tout autant qui vivent sous le seuil de pauvret\u00e9. Allons-nous continuer \u00e0 aller de l\u2019avant en croyant savoir ce qui est bon pour elles et en le leur imposant\u00a0? Par exemple, allons-nous continuer \u00e0 concevoir des trains inaccessibles aux personnes handicap\u00e9es, sauf dans une voiture ne permettant qu\u2019un acc\u00e8s par \u00e9l\u00e9vateur, celui-ci devant \u00eatre r\u00e9serv\u00e9 48 heures \u00e0 l\u2019avance par appel \u00e0 un num\u00e9ro sp\u00e9cial de t\u00e9l\u00e9phone\u00a0? Ne peut-on vraiment imaginer aujourd\u2019hui que tous les trains soient accessibles, en premi\u00e8re ou seconde classe, avec les m\u00eames services et prestations pour tous\u00a0?<\/p>\n<p>La France est tr\u00e8s en retard par rapport \u00e0 bien d\u2019autres pays. En 1992, lors de l\u2019Exposition Universelle de S\u00e9ville, un seul pavillon a failli ne pas ouvrir par absence d\u2019accessibilit\u00e9\u00a0: le pavillon fran\u00e7ais\u00a0!<\/p>\n<p>Alors que nous nous appr\u00eatons \u00e0 voter ce rapport qui se propose de modifier notre regard sur \u00ab\u00a0la diff\u00e9rence\u00a0\u00bb, ce qui peut nous permettre de combler notre retard sur d\u2019autres grands pays, voil\u00e0 que l\u2019Assembl\u00e9e Nationale vient de donner au Gouvernement la possibilit\u00e9 de retarder de pr\u00e8s de dix ans l\u2019accessibilit\u00e9 de certains b\u00e2timents publics ou accueillant du public\u00a0!<\/p>\n<p>Cette d\u00e9cision extr\u00eamement regrettable vient nous rappeler que si les d\u00e9ficiences physiques, mentales ou sensorielles rel\u00e8vent de la m\u00e9decine, le handicap, comme la pauvret\u00e9, sont tributaires de d\u00e9cisions qui rel\u00e8vent du corps social, c\u2019est-\u00e0-dire de nous tous qui si\u00e9geons dans cette Assembl\u00e9e.<\/p>\n<p>Bien entendu je voterai ce rapport.<\/p>\n","protected":false},"excerpt":{"rendered":"<p>Madame la Ministre, Monsieur le Pr\u00e9sident, Mesdames, Messieurs,\u00a0Chers Coll\u00e8gues, Madame le rapporteur Un grand merci, ch\u00e8re Christel, pour ce travail. D\u00e8s le d\u00e9but, tu nous as mis au c\u0153ur du sujet, gr\u00e2ce \u00e0 des auditions passionnantes et d\u00e9capantes de personnes &hellip; <a href=\"https:\/\/blogs.atd-quartmonde.fr\/magrard\/2014\/06\/29\/handicap-inclusion\/\">Continuer la lecture <span class=\"meta-nav\">&rarr;<\/span><\/a><\/p>\n","protected":false},"author":17,"featured_media":0,"comment_status":"open","ping_status":"open","sticky":false,"template":"","format":"standard","meta":{"footnotes":""},"categories":[4],"tags":[30,32],"class_list":["post-187","post","type-post","status-publish","format-standard","hentry","category-interventions-au-cese","tag-handicap","tag-inclusion"],"post_mailing_queue_ids":[],"_links":{"self":[{"href":"https:\/\/blogs.atd-quartmonde.fr\/magrard\/wp-json\/wp\/v2\/posts\/187","targetHints":{"allow":["GET"]}}],"collection":[{"href":"https:\/\/blogs.atd-quartmonde.fr\/magrard\/wp-json\/wp\/v2\/posts"}],"about":[{"href":"https:\/\/blogs.atd-quartmonde.fr\/magrard\/wp-json\/wp\/v2\/types\/post"}],"author":[{"embeddable":true,"href":"https:\/\/blogs.atd-quartmonde.fr\/magrard\/wp-json\/wp\/v2\/users\/17"}],"replies":[{"embeddable":true,"href":"https:\/\/blogs.atd-quartmonde.fr\/magrard\/wp-json\/wp\/v2\/comments?post=187"}],"version-history":[{"count":0,"href":"https:\/\/blogs.atd-quartmonde.fr\/magrard\/wp-json\/wp\/v2\/posts\/187\/revisions"}],"wp:attachment":[{"href":"https:\/\/blogs.atd-quartmonde.fr\/magrard\/wp-json\/wp\/v2\/media?parent=187"}],"wp:term":[{"taxonomy":"category","embeddable":true,"href":"https:\/\/blogs.atd-quartmonde.fr\/magrard\/wp-json\/wp\/v2\/categories?post=187"},{"taxonomy":"post_tag","embeddable":true,"href":"https:\/\/blogs.atd-quartmonde.fr\/magrard\/wp-json\/wp\/v2\/tags?post=187"}],"curies":[{"name":"wp","href":"https:\/\/api.w.org\/{rel}","templated":true}]}}