{"id":200,"date":"2015-11-17T08:34:01","date_gmt":"2015-11-17T08:34:01","guid":{"rendered":"http:\/\/www.atd-quartmonde.fr\/magrard\/?p=200"},"modified":"2015-11-17T08:34:01","modified_gmt":"2015-11-17T08:34:01","slug":"territoires-zero-chomeur-de-longue-duree","status":"publish","type":"post","link":"https:\/\/blogs.atd-quartmonde.fr\/magrard\/2015\/11\/17\/territoires-zero-chomeur-de-longue-duree\/","title":{"rendered":"Territoires z\u00e9ro ch\u00f4meur de longue dur\u00e9e"},"content":{"rendered":"<p>Monsieur le Pr\u00e9sident,<\/p>\n<p>Monsieur le D\u00e9put\u00e9,<\/p>\n<p>Mesdames, Messieurs, Chers Coll\u00e8gues,<\/p>\n<p>Grand merci Cher Patrick d\u2019avoir r\u00e9alis\u00e9 ce travail clair et pr\u00e9cis en un temps plus que contraint.<\/p>\n<p>Merci Madame la pr\u00e9sidente, Ch\u00e8re Fran\u00e7oise, de m\u2019avoir permis d\u2019assister aux r\u00e9unions de la section.<\/p>\n<p>Vous le savez, cet Avis sur le texte de loi d\u2019exp\u00e9rimentation Territoire z\u00e9ro ch\u00f4meur de longue dur\u00e9e, nous tient tr\u00e8s \u00e0 c\u0153ur \u00e0 ATD Quart Monde.<\/p>\n<p><!--more-->Je veux saluer ici la t\u00e9nacit\u00e9, l\u2019engagement de nombre de personnes qui depuis des ann\u00e9es tentent de mener \u00e0 bien ce projet\u00a0; je ne serais pas exhaustive mais souhaite en remercier chaleureusement quatre parmi eux, Patrick Valentin, Didier Goubert, Denis Prost et Laurent Grandguillaume.<\/p>\n<p>Il s\u2019agit bien ici d\u2019exp\u00e9rimenter sur une dizaine de territoires les mani\u00e8res d\u2019\u00e9radiquer la privation d\u2019emploi de longue dur\u00e9e.<\/p>\n<p><strong>Le ch\u00f4mage d\u00e9truit les personnes et les familles<\/strong>, pour beaucoup, c&rsquo;est une souffrance : la personne sans emploi depuis trop longtemps se sent inutile, montr\u00e9e du doigt, elle perd l&rsquo;estime de soi et le moral, elle est trop souvent confront\u00e9e \u00e0 des difficult\u00e9s mat\u00e9rielles qui p\u00e8sent lourd sur la famille et peuvent aller jusqu&rsquo;\u00e0 la faire \u00e9clater.<\/p>\n<p>L&#8217;emploi est un bien vital dans notre soci\u00e9t\u00e9, tout se construit autour de lui. <strong>Chacun, sans exception, doit pouvoir y avoir acc\u00e8s<\/strong>. Le 15 octobre dernier, dans 4 territoires o\u00f9 l\u2019exp\u00e9rimentation se met en place, s\u2019est d\u00e9roul\u00e9e la journ\u00e9e de la gr\u00e8ve du ch\u00f4mage\u00a0! C&rsquo;\u00e9tait impressionnant de voir ce jour-l\u00e0, \u00e0 quel point les personnes \u00e9taient heureuses et revivaient, apr\u00e8s une simple matin\u00e9e de travail b\u00e9n\u00e9vole.<\/p>\n<p>L\u2019Avis le souligne il y a 2,5 millions de personnes qui sont au ch\u00f4mage depuis plus d\u2019un an dans notre pays, combien d\u2019enfants, de jeunes n\u2019ont jamais vu leur m\u00e8re, leur p\u00e8re partir au travail, revenir du travail. Parler de leur emploi. Ce sont trop souvent des personnes qui se cachent, se renferment \u00e0 force de voir les portes se fermer devant leur demande d\u2019emploi.<\/p>\n<p>Et pourtant ce projet le d\u00e9montre et va le d\u00e9montrer encore plus dans les mois et ann\u00e9es \u00e0 venir, du travail il y en a.<\/p>\n<p>La mani\u00e8re la plus efficace de s&rsquo;assurer qu&rsquo;on cr\u00e9e vraiment des emplois suppl\u00e9mentaires est de se situer \u00e0 l&rsquo;\u00e9chelle de petits territoires o\u00f9 il est le plus facile de v\u00e9rifier le fait qu&rsquo;on ne concurrence pas des emplois existants, mais que l&rsquo;argent public transf\u00e9r\u00e9 du co\u00fbt du ch\u00f4mage de longue dur\u00e9e sert vraiment \u00e0 cr\u00e9er des emplois \u00ab\u00a0en plus\u00a0\u00bb et qu\u2019il est donc utilis\u00e9 efficacement.<\/p>\n<p>A l\u2019\u00e9chelle de petits territoires, il est aussi beaucoup plus facile de mobiliser les acteurs locaux, et de cr\u00e9er l\u2019environnement bienveillant n\u00e9cessaire \u00e0 la r\u00e9ussite d\u2019un tel projet.<\/p>\n<p>Mais il n&rsquo;y a pas assez d&#8217;emplois pour tout le monde me direz vous\u00a0!<\/p>\n<p>Il est vrai que l&rsquo;\u00e9conomie ne produit pas assez d&#8217;emplois et il n&rsquo;y a aucune perspective qu&rsquo;elle en cr\u00e9e en quantit\u00e9 suffisante \u00e0 court et m\u00eame moyen terme. Le probl\u00e8me est bien quantitatif. C&rsquo;est pr\u00e9cis\u00e9ment l&rsquo;id\u00e9e centrale qui justifie le projet\u00a0: si on ne se met pas face \u00e0 cette r\u00e9alit\u00e9 du manque d\u2019emplois, on ne peut pas le comprendre. On ne peut se contenter de former et d&rsquo;accompagner, aussi utile que ce soit\u00a0: si on ne cr\u00e9e pas des emplois suppl\u00e9mentaires en quantit\u00e9, on condamne \u00e0 l&rsquo;inutilit\u00e9, \u00e0 la d\u00e9sesp\u00e9rance, aux difficult\u00e9s mat\u00e9rielles et \u00e0 l&rsquo;exclusion progressive 2,5 millions de personnes, et beaucoup plus si on compte les enfants qui en subissent les cons\u00e9quences.<\/p>\n<p>Et ce n\u2019est pas le travail utile qui manque pour cr\u00e9er tous ces emplois, les premiers inventaires r\u00e9alis\u00e9s sur les territoires exp\u00e9rimentaux le montre\u00a0!<\/p>\n<p>Je souhaite terminer cette intervention par une remarque que faisait Genevi\u00e8ve de Gaulle Anthonioz \u00e0 la fin des ann\u00e9es 90 qui est toujours br\u00fblante d\u2019actualit\u00e9. \u00ab\u00a0Tout se passe comme si le progr\u00e8s \u00e0 accomplir pour permettre aux plus pauvres de vivre dignement, \u00e9tait sans cesse r\u00e9\u00e9valu\u00e9, non pas en fonction de la gravit\u00e9 de la situation et des souffrances qu\u2019elle occasionne, mais selon une conjoncture qui leur \u00e9chappe avec les miettes que leur laisse parfois le progr\u00e8s.\u00a0\u00bb<\/p>\n<p>J\u2019ose croire que conseillers du CESE, d\u00e9put\u00e9s et s\u00e9nateurs sauront d\u00e9passer toutes leurs interrogations pour lancer cette exp\u00e9rimentation qui, je l\u2019esp\u00e8re, permettra \u00e0 terme \u00e0 des millions de femmes, d\u2019hommes et d\u2019enfants de notre pays une vie \u00e0 \u00e9gale dignit\u00e9 des autres.<\/p>\n<p>Bien entendu je voterai cet Avis.<\/p>\n","protected":false},"excerpt":{"rendered":"<p>Monsieur le Pr\u00e9sident, Monsieur le D\u00e9put\u00e9, Mesdames, Messieurs, Chers Coll\u00e8gues, Grand merci Cher Patrick d\u2019avoir r\u00e9alis\u00e9 ce travail clair et pr\u00e9cis en un temps plus que contraint. Merci Madame la pr\u00e9sidente, Ch\u00e8re Fran\u00e7oise, de m\u2019avoir permis d\u2019assister aux r\u00e9unions de &hellip; <a href=\"https:\/\/blogs.atd-quartmonde.fr\/magrard\/2015\/11\/17\/territoires-zero-chomeur-de-longue-duree\/\">Continuer la lecture <span class=\"meta-nav\">&rarr;<\/span><\/a><\/p>\n","protected":false},"author":17,"featured_media":0,"comment_status":"open","ping_status":"open","sticky":false,"template":"","format":"standard","meta":{"footnotes":""},"categories":[4],"tags":[8,47],"class_list":["post-200","post","type-post","status-publish","format-standard","hentry","category-interventions-au-cese","tag-chomeur","tag-territoires"],"post_mailing_queue_ids":[],"_links":{"self":[{"href":"https:\/\/blogs.atd-quartmonde.fr\/magrard\/wp-json\/wp\/v2\/posts\/200","targetHints":{"allow":["GET"]}}],"collection":[{"href":"https:\/\/blogs.atd-quartmonde.fr\/magrard\/wp-json\/wp\/v2\/posts"}],"about":[{"href":"https:\/\/blogs.atd-quartmonde.fr\/magrard\/wp-json\/wp\/v2\/types\/post"}],"author":[{"embeddable":true,"href":"https:\/\/blogs.atd-quartmonde.fr\/magrard\/wp-json\/wp\/v2\/users\/17"}],"replies":[{"embeddable":true,"href":"https:\/\/blogs.atd-quartmonde.fr\/magrard\/wp-json\/wp\/v2\/comments?post=200"}],"version-history":[{"count":0,"href":"https:\/\/blogs.atd-quartmonde.fr\/magrard\/wp-json\/wp\/v2\/posts\/200\/revisions"}],"wp:attachment":[{"href":"https:\/\/blogs.atd-quartmonde.fr\/magrard\/wp-json\/wp\/v2\/media?parent=200"}],"wp:term":[{"taxonomy":"category","embeddable":true,"href":"https:\/\/blogs.atd-quartmonde.fr\/magrard\/wp-json\/wp\/v2\/categories?post=200"},{"taxonomy":"post_tag","embeddable":true,"href":"https:\/\/blogs.atd-quartmonde.fr\/magrard\/wp-json\/wp\/v2\/tags?post=200"}],"curies":[{"name":"wp","href":"https:\/\/api.w.org\/{rel}","templated":true}]}}