{"id":239,"date":"2018-03-18T21:29:57","date_gmt":"2018-03-18T20:29:57","guid":{"rendered":"https:\/\/blogs.atd-quartmonde.fr\/magrard\/?p=239"},"modified":"2018-03-18T21:29:57","modified_gmt":"2018-03-18T20:29:57","slug":"eleves-meilleure-sante","status":"publish","type":"post","link":"https:\/\/blogs.atd-quartmonde.fr\/magrard\/2018\/03\/18\/eleves-meilleure-sante\/","title":{"rendered":"Pour des \u00e9l\u00e8ves en meilleure sant\u00e9 !"},"content":{"rendered":"<p><strong>Pour des \u00e9l\u00e8ves en meilleure sant\u00e9<\/strong><\/p>\n<p>Monsieur le Pr\u00e9sident, Chers Coll\u00e8gues,<\/p>\n<p>Vous souvenez-vous de la visite m\u00e9dicale que nous passions \u00e0 l\u2019\u00e9cole \u00e9l\u00e9mentaire\u00a0? Elle permettait de d\u00e9pister des probl\u00e8mes aux yeux, aux dents, que sais-je encore \u2026<\/p>\n<p>Or, aujourd\u2019hui, des milliers d\u2019enfants qui en auraient tant besoin n\u2019en b\u00e9n\u00e9ficient pas, faute de m\u00e9decins ou d\u2019infirmi\u00e8res\u00a0!<\/p>\n<p>En Seine-Saint-Denis, le d\u00e9partement o\u00f9 la population est la plus pauvre de France m\u00e9tropolitaine, c\u2019est la moiti\u00e9 des postes de m\u00e9decin scolaire qui ne sont pas pourvus.<\/p>\n<p>\u00c0 Mayotte, les statistiques montrent que 24 % seulement des \u00e9l\u00e8ves \u00e2g\u00e9s de 5\u20106 ans ont b\u00e9n\u00e9fici\u00e9 d\u2019un bilan de sant\u00e9. Le projet d\u2019Avis constate que \u00ab l\u2019\u00e9tat sanitaire des \u00e9l\u00e8ves est donc, pour une partie de ceux-ci, un frein \u00e0 leur r\u00e9ussite scolaire\u00bb.<\/p>\n<p>Globalement, pour les 10 millions d\u2019\u00e9l\u00e8ves de l\u2019enseignement public, on ne compte que 1100 m\u00e9decins scolaires, c\u2019est-\u00e0-dire un seul m\u00e9decin pour plus de 9 000 \u00e9l\u00e8ves\u00a0!<\/p>\n<p>Tous les enfants, bien s\u00fbr, p\u00e2tissent de cette situation. Mais plus encore les 3 millions issus de familles qui vivent sous le seuil de pauvret\u00e9. Et combien plus encore ceux (1, 2 million) qui connaissent avec leurs parents la grande pr\u00e9carit\u00e9.<\/p>\n<p>Imagine-t-on ce que repr\u00e9sente pour des enfants de ne pas faire trois vrais repas par jour, de passer, pour certains, de chambre d\u2019h\u00f4tel en chambre d\u2019h\u00f4tel, de ne pas avoir les habits appropri\u00e9s pour le sport, de ne pouvoir consulter un m\u00e9decin aussi facilement que d\u2019autres\u00a0?<\/p>\n<p><em> \u00ab\u00a0A l\u2019\u00e9cole<\/em>, nous dit cette enseignante,<em> des enfants viennent le matin le ventre vide et se sentent mal. Lorsque nous faisons des sorties de fin d\u2019ann\u00e9e, certains n\u2019ont pas de pique-niques.\u00a0\u00bb<\/em><\/p>\n<p>\u00ab\u00a0<em>Il faudrait<\/em>, nous dit ce m\u00e9decin scolaire, <em>prendre le temps lors d\u2019une consultation avec un enfant qui vit une situation de grande pr\u00e9carit\u00e9, pour le mettre en confiance, lui permettre d\u2019exprimer vraiment ses questions. Et ce temps, nous ne l\u2019avons pas ou tellement rarement.\u00a0\u00bb<\/em><\/p>\n<p>La sant\u00e9 des enfants, de <strong>tous<\/strong> les enfants, est une condition cl\u00e9 de leur r\u00e9ussite \u00e0 l\u2019\u00e9cole. D\u00e8s lors, comment peut-on accepter qu\u2019en 2018, en France, des milliers d\u2019\u00e9coliers ne voient jamais un m\u00e9decin ou une infirmi\u00e8re\u00a0? Comment est-il pensable qu\u2019en de nombreux lieux, aussi bien en m\u00e9tropole qu\u2019\u00e0 Mayotte, des enfants et des enseignants ne puissent b\u00e9n\u00e9ficier de sanitaires dignes de ce nom\u00a0? Pourquoi manque-t-on de consultations, avec les parents associ\u00e9s comme les premiers \u00e9ducateurs, o\u00f9 l\u2019on peut d\u00e9pister, d\u00e8s le plus jeune \u00e2ge, les ennuis de sant\u00e9 qui vont contrecarrer une entr\u00e9e sereine dans les apprentissages\u00a0?<\/p>\n<p>Devant la gravit\u00e9 de l\u2019\u00e9tat des lieux pr\u00e9sent\u00e9 par cet Avis, j\u2019aurais vraiment souhait\u00e9 qu\u2019il soit plus incisif, qu\u2019il aille plus loin dans ses pr\u00e9conisations. Je le voterai toutefois car il repr\u00e9sente un premier pas important.<\/p>\n","protected":false},"excerpt":{"rendered":"<p>Pour des \u00e9l\u00e8ves en meilleure sant\u00e9 Monsieur le Pr\u00e9sident, Chers Coll\u00e8gues, Vous souvenez-vous de la visite m\u00e9dicale que nous passions \u00e0 l\u2019\u00e9cole \u00e9l\u00e9mentaire\u00a0? Elle permettait de d\u00e9pister des probl\u00e8mes aux yeux, aux dents, que sais-je encore \u2026 Or, aujourd\u2019hui, des &hellip; <a href=\"https:\/\/blogs.atd-quartmonde.fr\/magrard\/2018\/03\/18\/eleves-meilleure-sante\/\">Continuer la lecture <span class=\"meta-nav\">&rarr;<\/span><\/a><\/p>\n","protected":false},"author":17,"featured_media":0,"comment_status":"open","ping_status":"open","sticky":false,"template":"","format":"standard","meta":{"footnotes":""},"categories":[4],"tags":[],"class_list":["post-239","post","type-post","status-publish","format-standard","hentry","category-interventions-au-cese"],"post_mailing_queue_ids":[],"_links":{"self":[{"href":"https:\/\/blogs.atd-quartmonde.fr\/magrard\/wp-json\/wp\/v2\/posts\/239","targetHints":{"allow":["GET"]}}],"collection":[{"href":"https:\/\/blogs.atd-quartmonde.fr\/magrard\/wp-json\/wp\/v2\/posts"}],"about":[{"href":"https:\/\/blogs.atd-quartmonde.fr\/magrard\/wp-json\/wp\/v2\/types\/post"}],"author":[{"embeddable":true,"href":"https:\/\/blogs.atd-quartmonde.fr\/magrard\/wp-json\/wp\/v2\/users\/17"}],"replies":[{"embeddable":true,"href":"https:\/\/blogs.atd-quartmonde.fr\/magrard\/wp-json\/wp\/v2\/comments?post=239"}],"version-history":[{"count":1,"href":"https:\/\/blogs.atd-quartmonde.fr\/magrard\/wp-json\/wp\/v2\/posts\/239\/revisions"}],"predecessor-version":[{"id":240,"href":"https:\/\/blogs.atd-quartmonde.fr\/magrard\/wp-json\/wp\/v2\/posts\/239\/revisions\/240"}],"wp:attachment":[{"href":"https:\/\/blogs.atd-quartmonde.fr\/magrard\/wp-json\/wp\/v2\/media?parent=239"}],"wp:term":[{"taxonomy":"category","embeddable":true,"href":"https:\/\/blogs.atd-quartmonde.fr\/magrard\/wp-json\/wp\/v2\/categories?post=239"},{"taxonomy":"post_tag","embeddable":true,"href":"https:\/\/blogs.atd-quartmonde.fr\/magrard\/wp-json\/wp\/v2\/tags?post=239"}],"curies":[{"name":"wp","href":"https:\/\/api.w.org\/{rel}","templated":true}]}}