{"id":242,"date":"2018-04-11T21:19:56","date_gmt":"2018-04-11T20:19:56","guid":{"rendered":"https:\/\/blogs.atd-quartmonde.fr\/magrard\/?p=242"},"modified":"2018-04-11T21:19:56","modified_gmt":"2018-04-11T20:19:56","slug":"orientation-des-jeunes","status":"publish","type":"post","link":"https:\/\/blogs.atd-quartmonde.fr\/magrard\/2018\/04\/11\/orientation-des-jeunes\/","title":{"rendered":"Orientation des jeunes"},"content":{"rendered":"<p>Nous le savons l\u2019impact de l\u2019origine sociale sur les performances des \u00e9l\u00e8ves est plus fort en France que dans tous les pays de l\u2019OCDE, et nous pouvons sans peine ajouter que l\u2019impact de l\u2019origine sociale sur l\u2019orientation scolaire est \u00e9galement tr\u00e8s important.<\/p>\n<p>Les t\u00e9moignages de parents ayant l\u2019exp\u00e9rience de la grande pauvret\u00e9 sont nombreux, c\u2019est frappant comme tous racontent la m\u00eame histoire, le m\u00eame parcours \u00e0 l\u2019\u00e9cole. Et pourtant ces adultes ne pr\u00e9sentent pas les d\u00e9ficiences, ni les troubles envisag\u00e9s dans les textes pour les orienter, parfois d\u00e8s le plus jeune \u00e2ge, vers des fili\u00e8res sp\u00e9cialis\u00e9es de notre syst\u00e8me scolaire, des fili\u00e8res \u00e0 part, voir vers des fili\u00e8res du handicap. Ces m\u00eames adultes travaillent avec des chercheurs, des syndicalistes, des professionnels pour confronter leurs pens\u00e9es, leurs savoirs et ensembles comprendre ce qui dans notre syst\u00e8me scolaire actuel ne permet pas \u00e0 tous les enfants de d\u00e9velopper leur intelligence \u00e0 \u00e9galit\u00e9 d\u00e8s le plus jeune \u00e2ge. Ces orientations non choisies, parfois d\u00e8s la fin de la maternelle, sont graves car elles diminuent ensuite consid\u00e9rablement les possibilit\u00e9s d\u2019int\u00e9gration dans le milieu professionnel et l\u2019exercice d\u2019une pleine citoyennet\u00e9.<\/p>\n<p>Trop souvent encore, l\u2019orientation non choisie casse durablement le jeune, et l\u2019impact sur sa famille est \u00e9norme.<\/p>\n<p>Laure et Albert je vous f\u00e9licite pour ce travail, mais j\u2019ai un grand regret\u00a0: nous n\u2019avons pas assez pris le temps pour discuter du fond de ce sujet en section. La mise en place de la plateforme nous a mobilis\u00e9 au point de ne plus avoir de temps pour discuter en section. Trop dommage.<\/p>\n<p>Je bute de ne pas retrouver dans cet Avis des pr\u00e9conisations qui montrent l\u2019importance d\u2019une scolarit\u00e9 commune de tous les enfants, une scolarit\u00e9 qui ne met pas \u00e0 part certains jeunes parce qu\u2019ils seraient plus lent, plus en difficult\u00e9.<\/p>\n<p>L\u2019orientation se joue d\u00e8s le plus jeune \u00e2ge et influence une vie toute enti\u00e8re, si certains ont les ressources apr\u00e8s un CAP non choisi de s\u2019engager dans une fili\u00e8re de leur choix ils sont tr\u00e8s peu nombreux. Ce sont pour tous les autres que je m\u2019inqui\u00e8te et vraiment je trouve que l\u2019on en parle trop peu dans cet Avis.<\/p>\n<p>J\u2019ai le sentiment que nous n\u2019avons pas eu le temps de r\u00e9fl\u00e9chir ensemble \u00e0 des pr\u00e9conisations pour que ces jeunes l\u00e0 puissent eux aussi vraiment choisir leur orientation.<\/p>\n<p>C\u2019est pour ces raisons que je m\u2019abstiendrai.<\/p>\n","protected":false},"excerpt":{"rendered":"<p>Nous le savons l\u2019impact de l\u2019origine sociale sur les performances des \u00e9l\u00e8ves est plus fort en France que dans tous les pays de l\u2019OCDE, et nous pouvons sans peine ajouter que l\u2019impact de l\u2019origine sociale sur l\u2019orientation scolaire est \u00e9galement &hellip; <a href=\"https:\/\/blogs.atd-quartmonde.fr\/magrard\/2018\/04\/11\/orientation-des-jeunes\/\">Continuer la lecture <span class=\"meta-nav\">&rarr;<\/span><\/a><\/p>\n","protected":false},"author":17,"featured_media":0,"comment_status":"open","ping_status":"open","sticky":false,"template":"","format":"standard","meta":{"footnotes":""},"categories":[4],"tags":[],"class_list":["post-242","post","type-post","status-publish","format-standard","hentry","category-interventions-au-cese"],"post_mailing_queue_ids":[],"_links":{"self":[{"href":"https:\/\/blogs.atd-quartmonde.fr\/magrard\/wp-json\/wp\/v2\/posts\/242","targetHints":{"allow":["GET"]}}],"collection":[{"href":"https:\/\/blogs.atd-quartmonde.fr\/magrard\/wp-json\/wp\/v2\/posts"}],"about":[{"href":"https:\/\/blogs.atd-quartmonde.fr\/magrard\/wp-json\/wp\/v2\/types\/post"}],"author":[{"embeddable":true,"href":"https:\/\/blogs.atd-quartmonde.fr\/magrard\/wp-json\/wp\/v2\/users\/17"}],"replies":[{"embeddable":true,"href":"https:\/\/blogs.atd-quartmonde.fr\/magrard\/wp-json\/wp\/v2\/comments?post=242"}],"version-history":[{"count":1,"href":"https:\/\/blogs.atd-quartmonde.fr\/magrard\/wp-json\/wp\/v2\/posts\/242\/revisions"}],"predecessor-version":[{"id":243,"href":"https:\/\/blogs.atd-quartmonde.fr\/magrard\/wp-json\/wp\/v2\/posts\/242\/revisions\/243"}],"wp:attachment":[{"href":"https:\/\/blogs.atd-quartmonde.fr\/magrard\/wp-json\/wp\/v2\/media?parent=242"}],"wp:term":[{"taxonomy":"category","embeddable":true,"href":"https:\/\/blogs.atd-quartmonde.fr\/magrard\/wp-json\/wp\/v2\/categories?post=242"},{"taxonomy":"post_tag","embeddable":true,"href":"https:\/\/blogs.atd-quartmonde.fr\/magrard\/wp-json\/wp\/v2\/tags?post=242"}],"curies":[{"name":"wp","href":"https:\/\/api.w.org\/{rel}","templated":true}]}}