{"id":257,"date":"2021-11-03T15:10:15","date_gmt":"2021-11-03T14:10:15","guid":{"rendered":"https:\/\/blogs.atd-quartmonde.fr\/magrard\/?p=257"},"modified":"2021-11-03T15:10:15","modified_gmt":"2021-11-03T14:10:15","slug":"cop26-conferences-des-eveques-de-france","status":"publish","type":"post","link":"https:\/\/blogs.atd-quartmonde.fr\/magrard\/2021\/11\/03\/cop26-conferences-des-eveques-de-france\/","title":{"rendered":"COP26 &#8211; Conf\u00e9rences des \u00e9v\u00eaques de France"},"content":{"rendered":"\n<p><a><\/a><em>En vue de la Conf\u00e9rence des \u00e9v\u00eaques de France &#8211;&nbsp;&nbsp;26 Octobre 2021&nbsp;<\/em><\/p>\n\n\n\n<p><em>Intervention de Marie-Aleth Grard Pr\u00e9sidente ATD Quart Monde France<\/em><\/p>\n\n\n\n<p><strong>Pour une \u00e9cologie pens\u00e9e avec tous\u2026 sans oublier les plus pauvres<\/strong><\/p>\n\n\n\n<p>A ATD Quart Monde (Agir Tous pour la Dignit\u00e9 Quart Monde), nous militons depuis plus de 60ans pour une soci\u00e9t\u00e9 qui ne laisse personne de c\u00f4t\u00e9&nbsp;; et nous exp\u00e9rimentons sur le terrain chaque jour avec les personnes les plus pauvres et les acteurs de terrain les possibles pour \u00e9radiquer la grande pauvret\u00e9. Une soci\u00e9t\u00e9 qui avance en laissant de c\u00f4t\u00e9 plus de 9millions de personnes est une d\u00e9mocratie malade. Notre moteur est l\u2019\u00e9gale dignit\u00e9 de tous. Ce ne sont pas des paroles&nbsp;: c\u2019est agir, penser, cr\u00e9er et proposer des solutions au quotidien en r\u00e9fl\u00e9chissant avec les plus pauvres eux m\u00eames. Cela demande de revoir notre rapport au temps, notre rapport aux autres&nbsp;; prendre le temps d\u2019\u00e9couter l\u2019autre qui est diff\u00e9rent qui a \u00e9t\u00e9 cass\u00e9 par des ann\u00e9es de grande pauvret\u00e9, qui a une pens\u00e9e, une r\u00e9flexion juste et profonde \u00e0 me partager et \u00e0 partager \u00e0 la soci\u00e9t\u00e9. Cela demande d\u2019oser ralentir pour faire soci\u00e9t\u00e9 ensemble, Tous ensemble. Nous refusons de laisser sur le bord du chemin plus de 9 millions de personnes.&nbsp;<\/p>\n\n\n\n<p><strong>La justice sociale et la justice environnementale sont des combats indissociables.&nbsp;<\/strong><\/p>\n\n\n\n<p>Nous sommes pour une \u00e9cologie qui ne laisse personne de c\u00f4t\u00e9.&nbsp;<\/p>\n\n\n\n<p>Les personnes vivant dans l&rsquo;extr\u00eame pauvret\u00e9 et leurs communaut\u00e9s \u00e0 travers le monde sont les premi\u00e8res et les plus durement touch\u00e9es par les effets du changement climatique. Mais elles sont les moins responsables de ses causes, et elles ont moins de moyens pour s&rsquo;en prot\u00e9ger.&nbsp;<\/p>\n\n\n\n<p>Les personnes pauvres sont exploit\u00e9es depuis des g\u00e9n\u00e9rations. Leur force de travail est mise au rebut quand elle n\u2019est plus utile. De la m\u00eame mani\u00e8re, les ressources naturelles sont trop souvent pill\u00e9es et pollu\u00e9es sans que la responsabilit\u00e9 de les r\u00e9g\u00e9n\u00e9rer soit assum\u00e9e par ceux qui pillent et polluent.<\/p>\n\n\n\n<p>La fa\u00e7on dont on traite les personnes en situation d\u2019extr\u00eame pauvret\u00e9 est cependant beaucoup plus vicieuse que la mani\u00e8re dont on traite la nature.&nbsp;<\/p>\n\n\n\n<p>En effet, nul ne peut bl\u00e2mer la nature d&rsquo;\u00eatre responsable de sa d\u00e9gradation. Alors que, trop souvent, les personnes en situation de pauvret\u00e9 sont accus\u00e9es de \u00ab&nbsp;ne pas vouloir s\u2019en sortir.&nbsp;\u00bb<strong><\/strong><\/p>\n\n\n\n<p>Le changement climatique exacerbe la vuln\u00e9rabilit\u00e9 des personnes vivant dans la pauvret\u00e9. Durant les r\u00e9cents \u00e9v\u00e9nements climatiques extr\u00eames (s\u00e9cheresses, incendies, inondations, ouragans, vagues de chaleur, \u2026) les personnes touch\u00e9es ont perdu leurs r\u00e9coltes, leurs terres, leurs maisons, leurs moyens de subsistance, ou leur vie.&nbsp;<\/p>\n\n\n\n<p>Pour le Mouvement ATD Quart Monde, les s\u00e9curit\u00e9s fondamentales et les biens communs qui sont pens\u00e9s et mis en \u0153uvre avec et \u00e0 partir des plus pauvres b\u00e9n\u00e9ficient \u00e0 l&rsquo;ensemble de la collectivit\u00e9.<\/p>\n\n\n\n<p>Aujourd\u2019hui, nous aimerions r\u00e9ussir \u00e0 prendre en compte tous les liens entre justice sociale, \u00e9conomique et environnementale, avec et \u00e0 partir des plus pauvres. Afin de construire des changements b\u00e9n\u00e9fiques \u00e0 tous.<\/p>\n\n\n\n<p>En ne reconnaissant pas l&rsquo;intelligence des personnes en situation de pauvret\u00e9, les recherches en sciences sociales comme les mouvements militants, les politiques et tous les autres citoyens se privent de contributions indispensables \u00e0 la compr\u00e9hension et \u00e0 la r\u00e9solution des crises sanitaires, \u00e9cologiques et \u00e9conomiques auxquelles nous devons faire face.<\/p>\n\n\n\n<p>Nous le voyons avec COVID-19 : nous ne sommes pas \u00e9gaux devant la pand\u00e9mie.&nbsp;<\/p>\n\n\n\n<p>L\u2019\u00e9pid\u00e9mie de COVID a provoqu\u00e9 l\u2019accroissement de la pauvret\u00e9 dans le monde malgr\u00e9 les centaines de milliards de dollars d\u00e9pens\u00e9s pour les plans de relance.&nbsp;<\/p>\n\n\n\n<p>Nous ne le sommes pas plus devant les changements climatiques et la transition \u00e9cologique. Les personnes en situation de grande pauvret\u00e9 ont durement v\u00e9cu le confinement dans des logements souvent trop petits et parfois insalubres. Les limitations de d\u00e9placements les ont oblig\u00e9es \u00e0 se fournir dans des magasins de proximit\u00e9, beaucoup plus chers.&nbsp;<\/p>\n\n\n\n<p>Les cons\u00e9quences des changements climatiques sur la sant\u00e9 et le cadre de vie sont de m\u00eame accentu\u00e9s pour les cat\u00e9gories plus fragiles.<\/p>\n\n\n\n<p>Cet hiver, pour celles qui ont un toit, la facture de chauffage sera aussi proportionnellement plus \u00e9lev\u00e9e que celle des m\u00e9nages vivant dans des logements mieux isol\u00e9s, alors que cela va contre l\u2019int\u00e9r\u00eat collectif social et environnemental.&nbsp;<\/p>\n\n\n\n<p>Pour certains cet hiver&nbsp;il faudra choisir : se chauffer ou s\u2019\u00e9clairer.<\/p>\n\n\n\n<p><strong>Que pouvons-nous faire&nbsp;? Que faisons-nous&nbsp;?<\/strong><\/p>\n\n\n\n<p>S&rsquo;il \u00e9tait besoin de justifier de la participation des personnes en situation de pauvret\u00e9 aux combats \u00e9cologiques, le premier argument serait qu&rsquo;elles sont les plus impact\u00e9es par les d\u00e9sordres \u00e9cologiques, tout en en \u00e9tant les moins responsables.<\/p>\n\n\n\n<p>R\u00e9guli\u00e8rement, \u00e0 trois ou quatre reprises depuis plusieurs ann\u00e9es nous avons abord\u00e9 ce th\u00e8me ou encore celui du d\u00e9veloppement durable, lors de nos Universit\u00e9s populaires Quart Monde.&nbsp;<\/p>\n\n\n\n<p>Ces Universit\u00e9s populaires Quart Monde sont des lieux ou ceux qui s\u2019y expriment en premier et en plus grand nombre, sont des personnes qui ont l\u2019exp\u00e9rience de la pauvret\u00e9. Elles ont parfois des accents de col\u00e8re.&nbsp;<\/p>\n\n\n\n<p>Madame A&nbsp;de Valenciennes&nbsp;<em>: \u00ab&nbsp;Je suis tr\u00e8s, tr\u00e8s en col\u00e8re. Sur l\u2019\u00e9cologie vous \u00eates tous plein de bonne volont\u00e9. Vous savez tous comment il faut faire. Vous savez. Tout le monde sait. Et on nous demande \u00e0 nous encore, les plus l\u00e9s\u00e9s, les plus mis de c\u00f4t\u00e9, de faire des efforts. On nous parle encore une fois -\u00e0 nous&nbsp;!- de surconsommation. On n\u2019a d\u00e9j\u00e0 rien mais on consomme encore trop. Moi je veux bien acheter des produits qui sont recycl\u00e9s. Des l\u00e9gumes \u00ab&nbsp;bio&nbsp;\u00bb. Moi je n\u2019ach\u00e8te pas de lessive qui fait du bien \u00e0 l\u2019environnement. Je ne peux pas. Tout le monde le ferait si c\u2019\u00e9tait abordable. Pour \u00e7a il suffirait de d\u00e9taxer. Si \u00e7a co\u00fbte moins cher, on ira le chercher, c\u2019est d\u2019accord.&nbsp;\u00bb&nbsp;<\/em><\/p>\n\n\n\n<p><em>\u00ab Ce n\u2019est pas nous qui polluons, ce sont les riches \u00bb<\/em>dit Madame L. \u00ab&nbsp;<em>Nous les pauvres\u2026on fait tout mal. Mais en fait ce n\u2019est pas nous qui polluons. Ce sont surtout les riches. Avec leurs grosses voitures, les vacances en avion, leur super-consommation. Je n\u2019ai pas d\u2019auto. On ne prend pas de vacances. On ne mange pas de viande rouge, et les fruits cette ann\u00e9e c\u2019est hors de prix\u2026 Mais&nbsp;les cons\u00e9quences de ce qui arrive, c\u2019est pour nous, on les subit par contre. Les logements \u00ab&nbsp;passoire&nbsp;\u00bb, c\u2019est pour nous. Et les charges qui vont avec, c\u2019est pour nous aussi. C\u2019est encore ceux qui ont le moins de moyens qui subissent le plus les cons\u00e9quences.&nbsp;\u00bb&nbsp;<\/em><\/p>\n\n\n\n<p>Monsieur V&nbsp;:<em>\u00ab\u00a0Je vis dans une maison lou\u00e9e. C\u2019est tr\u00e8s mal isol\u00e9. L&rsquo;humidit\u00e9 entre&nbsp;: elle d\u00e9colle la peinture. Si on ne se couvre pas, on tombe malade (asthme, arthrose). Pourtant, les premiers \u00e9cologistes &#8211; je le pense &#8211; ce sont les pauvres.&nbsp;&nbsp;Ce sont eux qui collectent tout ce qui peut \u00eatre recycl\u00e9, le cuivre, l&rsquo;aluminium et la ferraille. Nous sommes les&nbsp;&nbsp;premiers recycleurs. \u00c7a remonte \u00e0 loin.\u00a0\u00bb<\/em><\/p>\n\n\n\n<p>Une forte conscience politique a \u00e9t\u00e9 exprim\u00e9e par des militants d&rsquo;ATD Quart Monde ayant une exp\u00e9rience de la grande pauvret\u00e9 : Ainsi Madame B&nbsp;<em>\u00ab\u00a0L&rsquo;\u00e9cologie, c&rsquo;est aussi prendre soin des gens, ne pas les mettre de c\u00f4t\u00e9. Combien de fois avons-nous \u00e9t\u00e9 rendus coupables alors que ceux qui vivent dans le superflu privent les pauvres de ce qui est n\u00e9cessaire. Nous devons impliquer les plus pauvres dans tous les projets, comme c&rsquo;est le cas dans&nbsp;les Territoires Z\u00e9ro Ch\u00f4meur de Longue Dur\u00e9e. La protection de l&rsquo;environnement doit aussi \u00eatre une lutte pour les personnes, contre la violence, la stigmatisation, l&rsquo;obligation de vivre dans des logements pourris o\u00f9 il fait froid. Nous devons sortir de ces contradictions.\u00a0\u00bb&nbsp;<\/em><\/p>\n\n\n\n<p>Parfois le quotidien est trop angoissant pour pouvoir consacrer librement son \u00e9nergie \u00e0 d&rsquo;autres t\u00e2ches que celles de la survie imm\u00e9diate des siens. Toutes les injonctions \u00e0 manger plus sainement, adopter des comportements plus \u00e9cologiques, etc., ne sont re\u00e7us que comme des messages culpabilisants.&nbsp;<\/p>\n\n\n\n<p>Les personnes qui vivent dans la grande pauvret\u00e9 ne vivent pas seulement dans une \u00ab&nbsp;sobri\u00e9t\u00e9&nbsp;\u00bb impos\u00e9e. Elles vivent aussi et surtout dans une exclusion insupportable aux multiples dimensions&nbsp;: un isolement social, diff\u00e9rentes formes de stigmatisations, de violences, d\u2019acc\u00e8s aux biens et services, dont un grand nombre les emp\u00eache d&rsquo;ailleurs d&rsquo;aller plus loin dans des comportements \u00e9cologiques.<\/p>\n\n\n\n<p><em>\u00ab&nbsp;Pour trier, pour faire attention \u00e0 manger sainement, cultiver des tomates sur son balcon, il faut quand m\u00eame avoir une libert\u00e9 d\u2019esprit d\u2019organiser sa vie<\/em>, explique Madame T.&nbsp;<em>Quand on est tout le temps avec des gens qui d\u00e9cident pour soi, qu\u2019est-ce qu\u2019on doit manger, qu\u2019est-ce qu\u2019on doit dire \u00e0 son gosse, \u00e7a ne peut pas \u00eatre dans les priorit\u00e9s. On ne choisit pas.&nbsp;\u00bb<\/em><\/p>\n\n\n\n<p>Quand la situation financi\u00e8re devient trop difficile, les familles confront\u00e9es \u00e0 la pauvret\u00e9 passent d&rsquo;une vie sobre \u00e0 la grande pr\u00e9carit\u00e9, c&rsquo;est-\u00e0-dire \u00e0 des privations multiples, excessives, durables et nuisibles pour leur sant\u00e9 physique et mentale.<\/p>\n\n\n\n<p>Plusieurs \u00e9tudes le constatent&nbsp;: les m\u00e9nages europ\u00e9ens ayant un faible impact sur l\u2019environnement sont le plus souvent des foyers monoparentaux avec un niveau de revenu faible et dont la personne de r\u00e9f\u00e9rence est \u00e9conomiquement inactive<a><sup>[1]<\/sup><\/a>.<\/p>\n\n\n\n<p>En France, l&#8217;empreinte \u00e9cologique des 10&nbsp;% les plus fortun\u00e9s \u00e9gale deux fois celle des 10&nbsp;% les plus pauvres<a><sup>[2]<\/sup><\/a>.<\/p>\n\n\n\n<p>Il a \u00e9t\u00e9 montr\u00e9 qu&rsquo;aux \u00c9tats-Unis, par exemple, les populations confront\u00e9es \u00e0 la pauvret\u00e9 ont moins de moyens que d&rsquo;autres pour \u00e9chapper aux cons\u00e9quences du changement climatique comme la hausse des temp\u00e9ratures et la d\u00e9gradation de la qualit\u00e9 de l&rsquo;air<a><sup>[3]<\/sup><\/a>.<\/p>\n\n\n\n<p>Elles vivent plus souvent dans des lieux expos\u00e9s \u00e0 la pollution et ont peu de moyens de s&rsquo;en prot\u00e9ger et de s&rsquo;en \u00e9loigner. Elles sont aussi plus vuln\u00e9rables<a><sup>[4]<\/sup><\/a>.<\/p>\n\n\n\n<p>Le r\u00e9chauffement favorise le d\u00e9veloppement des maladies respiratoires chroniques, la pauvret\u00e9 est un d\u00e9terminant de l&rsquo;asthme plus important que le fait de vivre en ville ou \u00e0 la campagne<a><sup>[5]<\/sup><\/a>.<\/p>\n\n\n\n<p>Lorsqu\u2019un territoire est menac\u00e9 par une pollution, un d\u00e9sastre naturel (mont\u00e9e des eaux, cyclone&#8230;) ou des changements climatiques extr\u00eames (s\u00e9cheresse, perturbation des saisons&#8230;), les personnes en situation de pauvret\u00e9 n\u2019ont souvent pas les moyens de quitter ce territoire, qui plus est quand celui-ci constitue leur habitat et lieu de vie.&nbsp;<\/p>\n\n\n\n<p>Le rapport sur le climat publi\u00e9 par le Conseil des droits de l&rsquo;Homme des Nations Unies&nbsp;en 2018<a><sup>[6]<\/sup><\/a>lance une mise en garde \u00e0 l\u2019ensemble de la communaut\u00e9 internationale&nbsp;:&nbsp;<em>\u00ab&nbsp;le changement climatique menace de d\u00e9faire les progr\u00e8s des 50 derni\u00e8res ann\u00e9es (&#8230;) en mati\u00e8re de r\u00e9duction de la pauvret\u00e9, mettant l\u2019humanit\u00e9 face \u00e0 un risque \u00ab&nbsp;d\u2019apartheid climatique&nbsp;\u00bb.&nbsp;\u00bb<\/em><\/p>\n\n\n\n<p><strong>Justice sociale et justice environnementale sont ils des combats indissociables&nbsp;?&nbsp;<\/strong><\/p>\n\n\n\n<p>Comme pour un v\u00e9lo qui a besoin de ses deux roues pour avancer, l\u2019une ne va pas sans l\u2019autre. Elles participent \u00e0 un m\u00eame mouvement en faveur d\u2019une soci\u00e9t\u00e9 plus juste et sans pauvret\u00e9. O\u00f9 chacun a sa place dans un environnement sain. C\u2019est sur ce th\u00e8me que nous avions organis\u00e9 l\u2019ann\u00e9e derni\u00e8re la Journ\u00e9e mondiale du refus de la mis\u00e8re avec comme symbole&nbsp;: le v\u00e9lo.<\/p>\n\n\n\n<p>Depuis une trentaine d&rsquo;ann\u00e9es, ATD Quart Monde fait le constat, en France et dans d&rsquo;autres pays, que des politiques environnementales pens\u00e9es sans les personnes en grande pr\u00e9carit\u00e9 se retournent souvent contre elles, et accentuent sensiblement les in\u00e9galit\u00e9s et la pauvret\u00e9.<\/p>\n\n\n\n<p>Ce sont ces logements sociaux dont le montant des loyers et des charges ne sont souvent plus accessibles aux plus d\u00e9favoris\u00e9s une fois qu&rsquo;ils ont b\u00e9n\u00e9fici\u00e9 d&rsquo;une meilleure isolation thermique.<\/p>\n\n\n\n<p>C\u2019est l\u2019augmentation de la taxe carbone en novembre 2018 qui a provoqu\u00e9 le mouvement des Gilets jaunes car elle n&rsquo;a pas \u00e9t\u00e9 r\u00e9fl\u00e9chie avec tous. La taxe carbone ou \u00ab&nbsp;contribution climat-\u00e9nergie&nbsp;\u00bb (CCE), c&rsquo;est, depuis 2014, plusieurs centimes sur chaque litre d&rsquo;essence ou de diesel, et plusieurs dizaines d&rsquo;euros sur une facture annuelle de chauffage (et malheureusement tr\u00e8s peu sur le k\u00e9ros\u00e8ne des avions).&nbsp;<\/p>\n\n\n\n<p><strong>Quelles priorit\u00e9s&nbsp;?&nbsp;<\/strong><\/p>\n\n\n\n<p>Pour b\u00e2tir un monde de justice sociale et environnementale, nous connaissons les priorit\u00e9s. Parmi elles, il faut assurer \u00e0 tous et toutes un logement d\u00e9cent o\u00f9 chacun a son espace de vie.<\/p>\n\n\n\n<p>Assurer un emploi digne en ces temps de ch\u00f4mage massif qui accro\u00eet la pauvret\u00e9.&nbsp;<\/p>\n\n\n\n<p>La transition \u00e9cologique et le lien social en sont pourvoyeurs comme le montre l\u2019exp\u00e9rimentation Territoires z\u00e9ro ch\u00f4meur de longue dur\u00e9e.&nbsp;<\/p>\n\n\n\n<p>Garantir des services publics de qualit\u00e9&nbsp;: les plus fragiles sont les premiers touch\u00e9s par leur d\u00e9faillance.&nbsp;<\/p>\n\n\n\n<p>Pour b\u00e2tirun avenir durable, respectueux de la plan\u00e8te et ne laissant personne de c\u00f4t\u00e9, il est crucial de mettre pleinement en \u0153uvre l&rsquo;Accord de Paris et toutes les obligations des \u00c9tats.&nbsp;<\/p>\n\n\n\n<p>L&rsquo;\u00e9radication de la pauvret\u00e9 \u00e9tant clairement cit\u00e9e dans l&rsquo;accord.&nbsp;<\/p>\n\n\n\n<p>Il est imp\u00e9ratif que toutes les mesures prises dans le cadre des programmes d&rsquo;action nationaux d&rsquo;adaptation (PANA) \u00e9labor\u00e9s par les parties \u00e0 l&rsquo;Accord de Paris tiennent compte de l&rsquo;am\u00e9lioration de la qualit\u00e9 de vie des communaut\u00e9s les plus vuln\u00e9rables, en particulier celles qui vivent dans la grande pauvret\u00e9\u0301.&nbsp;<\/p>\n\n\n\n<p>Le premier bilan mondial qui sera publi\u00e9 en 2023 devra inclure&nbsp;pour chaque pays&nbsp;les \u00e9missions des diff\u00e9rentes cat\u00e9gories de population&nbsp;(par exemple les 20% les plus pauvres et les 20% les plus riches), les mesures qui&nbsp;am\u00e9liorent la qualit\u00e9 de vie des personnes vivant dans l&rsquo;extr\u00eame pauvret\u00e9&nbsp;et celles qui ont&nbsp;les effets inverses, et aussi les mesures prises pour&nbsp;assurer la participation des personnes vivant dans l&rsquo;extr\u00eame pauvret\u00e9.&nbsp;<\/p>\n\n\n\n<p>S&rsquo;il \u00e9tait besoin de justifier de la participation des personnes en situation de pauvret\u00e9 aux combats \u00e9cologiques, un argument serait aussi que&nbsp;<em>\u00ab&nbsp;les cultures populaires sont d&rsquo;abord des cultures du peu et \u00e0 ce titre elles inventent des fa\u00e7ons de vivre diff\u00e9rentes&nbsp;\u00bb<\/em>qui peuvent \u00eatre utiles \u00e0 tous et \u00e0 la plan\u00e8te.&nbsp;<\/p>\n\n\n\n<p>Lorsque l&rsquo;on est priv\u00e9 de moyens financiers et mat\u00e9riels d\u00e9cents, on apprend \u00e0 vivre avec tr\u00e8s peu. Monsieur R t\u00e9moigne&nbsp;:&nbsp;<em>\u00ab&nbsp;j\u2019avais tellement peur de me retrouver \u00e0 la rue qu\u2019il fallait que je d\u00e9pense peu. Je n\u2019ai jamais eu d\u2019auto, je ne mange rien de mauvais pour la sant\u00e9, jamais de caf\u00e9. Avec cette peur de me retrouver \u00e0 la rue, j\u2019ai tr\u00e8s peu d\u00e9pens\u00e9 et je n\u2019ai quasiment jamais pollu\u00e9. C\u2019est minime ce que j\u2019ai consomm\u00e9 : juste les v\u00eatements que j\u2019ai sur le dos et que j\u2019ai toujours \u00e9t\u00e9 chercher \u00e0 la friperie. Depuis longtemps d\u00e9j\u00e0 les pauvres consomment peu et polluent peu.&nbsp;\u00bb<\/em><\/p>\n\n\n\n<p>Lutter pour les droits de tous et pour la pr\u00e9servation de l\u2019environnement, c\u2019est lutter contre un syst\u00e8me qui exploite l\u2019humain et les \u00e9cosyst\u00e8mes.&nbsp;<\/p>\n\n\n\n<p>Cela ne signifie pas non plus qu&rsquo;il faille attendre n\u00e9cessairement la s\u00e9curit\u00e9 d&rsquo;un g\u00eete et d&rsquo;un couvert (et \u00e9ventuellement d&rsquo;un emploi, etc.) pour s&rsquo;int\u00e9resser \u00e0 l&rsquo;\u00e9cologie, s&rsquo;ouvrir \u00e0 ces connaissances et d\u00e9cider d&rsquo;agir.&nbsp;<\/p>\n\n\n\n<p>Les militant.e.s Quart Monde n&rsquo;attendent pas cela pour s&rsquo;engager. L&rsquo;espoir que la vie peut changer, le projet d&rsquo;un engagement collectif, l&rsquo;ambition d&rsquo;\u00eatre utile avec d&rsquo;autres, peuvent remettre en route une vie. La volont\u00e9 d&rsquo;agir pour prot\u00e9ger la plan\u00e8te peut faire partie de ce moteur.<\/p>\n\n\n\n<p><em>\u00ab&nbsp;C&rsquo;est aussi ma fa\u00e7on d\u2019agir, d\u2019exister et de me sentir vivante,&nbsp;<\/em>\u00e9crit Madame C, militante ATD Quart Monde,&nbsp;<em>\u00c7a donne du sens \u00e0 ma vie, d&rsquo;aider le monde \u00e0 ma mani\u00e8re, \u00e0 mon niveau, avec mes fragilit\u00e9s.&nbsp;\u00bb<\/em><\/p>\n\n\n\n<p>Tous ensemble, nous sommes d\u00e9cid\u00e9s \u00e0 agir, \u00e0 transformer la soci\u00e9t\u00e9 en partant de l\u2019exp\u00e9rience et du savoir des plus pauvres.<\/p>\n\n\n\n<p>C\u2019est ce que nous dit Madame E&nbsp;:&nbsp;<em>\u00ab&nbsp;Chacun a beaucoup plus de puissance que ce qu\u2019on peut croire. Et si on met sa conscience dans le fait de pas utiliser un coton tige ou de faire un truc qui respecte la nature ou de pas utiliser de sacs plastiques, on transforme le monde. Il faut s\u2019en persuader. Parce que c\u2019est vrai. Et quand c\u2019est tout un groupe qui prend conscience, c\u2019est comme les gouttes d\u2019eau dans l\u2019oc\u00e9an. On a une force beaucoup plus importante qu\u2019on ne croit. Parce que sinon c\u2019est pas possible. Tous ces lobbies ont un tel pouvoir. On est compl\u00e8tement \u00e9cras\u00e9s. Mais je crois en la force de l\u2019invisible. C\u2019est la force de la conscience. On peut entendre la col\u00e8re, mais ce n\u2019est pas la col\u00e8re qui va aider&nbsp;\u00bb.&nbsp;<\/em><\/p>\n\n\n\n<p>Est-ce que l\u2019on vise \u00e0 int\u00e9grer les populations pr\u00e9caires \u00e0 des combats \u00e9cologiques pens\u00e9s sans elles, ou parle-t-on de les associer \u00e0 des combats con\u00e7us ensemble, sans exclure personne ? C\u2019est l\u00e0, un \u00e9norme enjeu quand on parle de convergence des luttes, de rejoindre des combats ou de cr\u00e9er des partenariats. Sur quelles bases et avec qui les d\u00e9veloppe-t-on&nbsp;? Avec quelles priorit\u00e9s et quels modes d&rsquo;actions&nbsp;?&nbsp;<\/p>\n\n\n\n<p>Comment faire pour que ces luttes, ces combats et ces partenariats soient durables et permettent de construire un avenir d\u00e9sirable pour tous&nbsp;?<\/p>\n\n\n\n<p>Nous entendons parfois dire qu&rsquo;agir pour l&rsquo;\u00e9cologie et contre la pauvret\u00e9 sont incompatibles et que lorsque des personnes sortent de la pauvret\u00e9, cela leur permet de consommer davantage et donc cela peut nuire encore davantage \u00e0 la plan\u00e8te. Mais justement il est vital de mener de front actions pour le climat et lutte contre la pauvret\u00e9.<\/p>\n\n\n\n<p>Nous devons pouvoir \u00e9radiquer la pauvret\u00e9 et aller en m\u00eame temps vers des moyens de vivre plus sobres.<\/p>\n\n\n\n<p>Il est essentiel d&rsquo;agir ensemble, pas seulement de r\u00e9fl\u00e9chir ensemble. Agir ensemble, faire ensemble c\u2019est comme cela que ferons reculer la peur de l&rsquo;autre et la peur de l&rsquo;avenir.<\/p>\n\n\n\n<p>Il est essentiel d&rsquo;agir ensemble dans les quartiers populaires et les zones rurales recul\u00e9es, et pas seulement dans les lieux de transition reconnus.<\/p>\n\n\n\n<p>Penser et agir pour l&rsquo;\u00e9cologie avec les personnes qui ont l&rsquo;exp\u00e9rience de la grande pauvret\u00e9 conduit \u00e0 la penser de mani\u00e8re diff\u00e9rente \u00e0 certains \u00e9gards.&nbsp;<\/p>\n\n\n\n<p>Par exemple, la Convention citoyenne sur le climat a propos\u00e9 de faire b\u00e9n\u00e9ficier les familles en pr\u00e9carit\u00e9 de bons d&rsquo;achat fl\u00e9ch\u00e9s vers des produits biologiques. Si la question avait \u00e9t\u00e9 r\u00e9fl\u00e9chie en profondeur avec ces personnes, je ne doute pas un instant que d&rsquo;autres solutions respectant la volont\u00e9 de chacun de pouvoir vivre de ses revenus sans \u00eatre soumis \u00e0 la d\u00e9pendance aux dons auraient \u00e9t\u00e9 discut\u00e9es.<\/p>\n\n\n\n<p>La crise \u00e9cologique nous ram\u00e8ne \u00e0 l\u2019universalit\u00e9 de la condition humaine et nous rappelle combien elle est fragile et vuln\u00e9rable. Cette exp\u00e9rience de la fragilit\u00e9 partag\u00e9e face aux cons\u00e9quences du Covid et plus largement des d\u00e9sordres \u00e9cologiques serait-elle un moyen privil\u00e9gi\u00e9 pour ne plus exclure les plus pauvres de notre soci\u00e9t\u00e9 et&nbsp;&nbsp;b\u00e2tir ensemble une nouvelle&nbsp;soci\u00e9t\u00e9 ?<\/p>\n\n\n\n<p><em>\u00ab&nbsp;Pour les plus pauvres, c\u2019est la survie depuis toujours,&nbsp;<\/em>disent des membres de l&rsquo;Universit\u00e9 populaire Quart Monde.&nbsp;<em>Aujourd\u2019hui, les autres se rendent compte qu\u2019ils risquent d\u2019y \u00eatre demain et ils devraient apprendre des plus pauvres.&nbsp;\u00bb<\/em><\/p>\n\n\n\n<p>Fid\u00e8le aux intuitions de Joseph Wresinski, notre fondateur, qui avait lui-m\u00eame l&rsquo;exp\u00e9rience de la grande pauvret\u00e9, ATD Quart Monde est donc davantage un mouvement \u00ab&nbsp;politique&nbsp;\u00bb (au sens premier du terme = faire changer la soci\u00e9t\u00e9) et pas seulement un mouvement de lutte contre la mis\u00e8re. Nous portons un projet de soci\u00e9t\u00e9 o\u00f9 l&rsquo;\u00e9gale dignit\u00e9 de chacune et chacun sera respect\u00e9e.&nbsp;<\/p>\n\n\n\n<p>Le premier \u00ab&nbsp;bien commun&nbsp;\u00bb qu&rsquo;ATD Quart Monde identifie et prot\u00e8ge, c&rsquo;est l&rsquo;\u00e9gale dignit\u00e9 de tous les \u00eatres humains.<\/p>\n\n\n\n<p>C&rsquo;est-\u00e0-dire le fait que chacune et chacun puisse \u00eatre connu, reconnu, estim\u00e9, utile, en lien avec d&rsquo;autres, non-discrimin\u00e9, et de mani\u00e8re inconditionnelle, sans avoir \u00e0 le \u00ab&nbsp;m\u00e9riter&nbsp;\u00bb en passant par des \u00e9preuves qui reconna\u00eetraient le m\u00e9rite de certains et le d\u00e9m\u00e9rite d&rsquo;autres. Ce bien commun de l&rsquo;\u00e9gale dignit\u00e9 va \u00e0 l&rsquo;encontre de l&rsquo;individualisme pr\u00f4n\u00e9 par le capitalisme.&nbsp;<\/p>\n\n\n\n<p>La dignit\u00e9 touche aussi \u00e0 la reconnaissance de soi par autrui.<\/p>\n\n\n\n<p>C\u2019est aussi cela l\u2019\u00e9cologie : se voir, \u00eatre ensemble, cette sorte d\u2019\u00e9cologie int\u00e9rieure, gagner moins d\u2019argent, consommer moins d\u2019\u00e9nergie&#8230; \u00c7a rend plus proche des autres.<\/p>\n\n\n\n<p>Prendre soin des humains, c\u2019est prendre soin de la plan\u00e8te.<\/p>\n\n\n\n<p>Pour ce faire le Mouvement International ATD Quart Monde qui sera pr\u00e9sent \u00e0 la COP26, a \u00e9misquatre recommandations pour des actions inclusives que je vous r\u00e9sume en 4 phrases&nbsp;:&nbsp;<\/p>\n\n\n\n<p>1 : Accorder une attention particuli\u00e8re aux 20% les plus pauvres afin de s\u2019assurer que personne ne soit laiss\u00e9 de c\u00f4t\u00e9.&nbsp;<\/p>\n\n\n\n<p>2 : S\u2019attaquer au changement climatique en partenariat avec les personnes en situation de pauvret\u00e9.&nbsp;<\/p>\n\n\n\n<p>3 : S\u2019assurer que les fonds atteignent les plus vuln\u00e9rables.<\/p>\n\n\n\n<p>4 : Mettre en place des socles de protection sociale dans tous les pays.<\/p>\n\n\n\n<p>Agir tous pour la dignit\u00e9, comme le proclame ATD Quart Monde, c&rsquo;est aussi agir pour la pr\u00e9servation de la plan\u00e8te.&nbsp;<\/p>\n\n\n\n<hr class=\"wp-block-separator\" \/>\n\n\n\n<p><a><sup>[1]<\/sup><\/a>&nbsp;&nbsp;&nbsp;&nbsp;&nbsp;S. Pye, I.&nbsp;Skinner, N.&nbsp;Meyer-Ohlendorf, A.&nbsp;Leipprand, K.&nbsp;Lucas, R.&nbsp;Salmons, \u00ab&nbsp;Addressing the social dimensions of environmental policy \u2013A study on the linkages between environmental and social sustainability in Europe&nbsp;\u00bb, European Commission Directorate-General \u00ab&nbsp;Employment, Social Affairs and Equal Opportunities&nbsp;\u00bb, 2008.<\/p>\n\n\n\n<p><a><sup>[2]<\/sup><\/a>&nbsp;&nbsp;&nbsp;&nbsp;&nbsp;A. Boutaud, N.&nbsp;Gondran,&nbsp;<em>L&#8217;empreinte \u00e9cologique des r\u00e9gions fran\u00e7aises en 2008<\/em>, \u00c9tude pour l&rsquo;association des r\u00e9gions de France et le Nord-Pas-de-Calais. Le multiplicateur est m\u00eame 2,5 pour R. Haalebos, P. Malliet, \u00ab&nbsp;Carbon Consumption Survey&nbsp;\u00bb, OFCE, Beyond Ratings, 2019.<\/p>\n\n\n\n<p><a><sup>[3]<\/sup><\/a>&nbsp;&nbsp;&nbsp;&nbsp;&nbsp;National Wildlife Federation, \u00ab&nbsp;The Psychological Effects of Global Warming on the United States&nbsp;\u00bb, 2012.<\/p>\n\n\n\n<p><a><sup>[4]<\/sup><\/a>&nbsp;&nbsp;&nbsp;&nbsp;&nbsp;S. Hallegatte, M.&nbsp;Bangalore, L.&nbsp;Bonzanigo&nbsp;<em>et al.<\/em>, \u00ab&nbsp;Shock Waves. Managing the Impacts of Climate Change on Poverty&nbsp;\u00bb, Banque Mondiale, 2015.<\/p>\n\n\n\n<p><a><sup>[5]<\/sup><\/a>&nbsp;&nbsp;&nbsp;&nbsp;&nbsp;C. A. Keet, M.&nbsp;C. McCormack&nbsp;<em>et alii<\/em>, \u00ab&nbsp;Neighborhood poverty, urban residence, race\/ethnicity, and asthma: Rethinking the inner-city asthma epidemic&nbsp;\u00bb<em>, Journal of Allergy and Clinical Immunology<\/em>, 2015.<\/p>\n\n\n\n<p><a><sup>[6]<\/sup><\/a>www.ohchr.org\/Documents\/Issues\/Poverty\/A_HRC_41_39.pdf<\/p>\n\n\n\n<p><br><\/p>\n","protected":false},"excerpt":{"rendered":"<p>En vue de la Conf\u00e9rence des \u00e9v\u00eaques de France &#8211;&nbsp;&nbsp;26 Octobre 2021&nbsp; Intervention de Marie-Aleth Grard Pr\u00e9sidente ATD Quart Monde France Pour une \u00e9cologie pens\u00e9e avec tous\u2026 sans oublier les plus pauvres A ATD Quart Monde (Agir Tous pour la &hellip; <a href=\"https:\/\/blogs.atd-quartmonde.fr\/magrard\/2021\/11\/03\/cop26-conferences-des-eveques-de-france\/\">Continuer la lecture <span class=\"meta-nav\">&rarr;<\/span><\/a><\/p>\n","protected":false},"author":17,"featured_media":0,"comment_status":"open","ping_status":"open","sticky":false,"template":"","format":"standard","meta":{"footnotes":""},"categories":[1],"tags":[],"class_list":["post-257","post","type-post","status-publish","format-standard","hentry","category-non-classe"],"post_mailing_queue_ids":[],"_links":{"self":[{"href":"https:\/\/blogs.atd-quartmonde.fr\/magrard\/wp-json\/wp\/v2\/posts\/257","targetHints":{"allow":["GET"]}}],"collection":[{"href":"https:\/\/blogs.atd-quartmonde.fr\/magrard\/wp-json\/wp\/v2\/posts"}],"about":[{"href":"https:\/\/blogs.atd-quartmonde.fr\/magrard\/wp-json\/wp\/v2\/types\/post"}],"author":[{"embeddable":true,"href":"https:\/\/blogs.atd-quartmonde.fr\/magrard\/wp-json\/wp\/v2\/users\/17"}],"replies":[{"embeddable":true,"href":"https:\/\/blogs.atd-quartmonde.fr\/magrard\/wp-json\/wp\/v2\/comments?post=257"}],"version-history":[{"count":3,"href":"https:\/\/blogs.atd-quartmonde.fr\/magrard\/wp-json\/wp\/v2\/posts\/257\/revisions"}],"predecessor-version":[{"id":264,"href":"https:\/\/blogs.atd-quartmonde.fr\/magrard\/wp-json\/wp\/v2\/posts\/257\/revisions\/264"}],"wp:attachment":[{"href":"https:\/\/blogs.atd-quartmonde.fr\/magrard\/wp-json\/wp\/v2\/media?parent=257"}],"wp:term":[{"taxonomy":"category","embeddable":true,"href":"https:\/\/blogs.atd-quartmonde.fr\/magrard\/wp-json\/wp\/v2\/categories?post=257"},{"taxonomy":"post_tag","embeddable":true,"href":"https:\/\/blogs.atd-quartmonde.fr\/magrard\/wp-json\/wp\/v2\/tags?post=257"}],"curies":[{"name":"wp","href":"https:\/\/api.w.org\/{rel}","templated":true}]}}