{"id":265,"date":"2021-11-03T15:18:18","date_gmt":"2021-11-03T14:18:18","guid":{"rendered":"https:\/\/blogs.atd-quartmonde.fr\/magrard\/?p=265"},"modified":"2021-12-10T17:26:54","modified_gmt":"2021-12-10T16:26:54","slug":"trocadero-17-octobre-2021","status":"publish","type":"post","link":"https:\/\/blogs.atd-quartmonde.fr\/magrard\/2021\/11\/03\/trocadero-17-octobre-2021\/","title":{"rendered":"Trocad\u00e9ro 17 Octobre 2021"},"content":{"rendered":"\n<p>Mesdames, Messieurs, Chers partenaires,<\/p>\n\n\n\n<p>Chers amis,<\/p>\n\n\n\n<p>Merci \u00e0 vous tous d\u2019\u00eatre ici pr\u00e9sent et \u00e0 vous qui nous regardez gr\u00e2ce \u00e0 la retransmission en direct.<\/p>\n\n\n\n<p>Nous sommes ici sur le Parvis des Droits de l\u2019homme et des libert\u00e9s, au Trocad\u00e9ro, en cette 34\u00e8me journ\u00e9e mondiale du refus de la mis\u00e8re pour honorer les millions de femmes, d\u2019hommes, de jeunes et d\u2019enfants qui ont un quotidien&nbsp;&nbsp;insupportable.<\/p>\n\n\n\n<p>En cette journ\u00e9e nous posons un acte important en m\u00e9moire et en union avec les millions de femmes, d\u2019hommes et d\u2019enfants qui en France et \u00e0 travers le monde, souffrent de la faim, de l\u2019humiliation, du m\u00e9pris et de la peur.<\/p>\n\n\n\n<p>Les premiers partenaires du 17 octobre, Journ\u00e9e mondiale du refus de la mis\u00e8re, sont les personnes en situation de pauvret\u00e9 et de mis\u00e8re \u00e0 travers le monde, ainsi que celles et ceux qui les rejoignent.<\/p>\n\n\n\n<p>Nous sommes ici pour dire haut et fort, tous ensemble, combien refuser la mis\u00e8re c\u2019est refuser l\u2019inacceptable.<\/p>\n\n\n\n<p>Nous vivons une crise sanitaire et sociale sans pr\u00e9c\u00e9dent depuis un an et demi&nbsp;; sans pr\u00e9c\u00e9dent en particulier pour les populations les plus pauvres, ce sont elles les plus touch\u00e9es, ce sont elles qui ont d\u00fb vivre confin\u00e9es dans des conditions indignes \u00e0 cause d\u2019un logement trop petit, insalubre&nbsp;; ce sont elles qui ont vu leur pouvoir d\u2019achat baisser avec des hausses de prix insupportables pour leurs tr\u00e8s faibles revenus.&nbsp;<\/p>\n\n\n\n<p>&nbsp;En cette ann\u00e9e o\u00f9 nous aurons des \u00e9lections pr\u00e9sidentielle et l\u00e9gislatives toujours tr\u00e8s importantes pour notre pays, pour notre d\u00e9mocratie, je veux redire avec force combien les droits fondamentaux, en particulier envers les pus pauvres, sont chaque jour davantage bafou\u00e9s dans notre pays.<\/p>\n\n\n\n<p>Nous n\u2019accepterons jamais que des millions de personnes vivent dans des conditions indignes, plus de 9 millions vivent sous le seuil de pauvret\u00e9 dans notre pays.<\/p>\n\n\n\n<p>Nous n\u2019accepterons jamais que les enfants de milieu d\u00e9favoris\u00e9s n\u2019aient pas les m\u00eames chances que les autres de r\u00e9ussir \u00e0 l\u2019\u00e9cole, de choisir leur orientation et de se b\u00e2tir un avenir,&nbsp;<\/p>\n\n\n\n<p>Les expulsions se font toujours plus nombreuses et plus violentes. Nous n\u2019accepterons jamais que des femmes, des hommes et des enfants soient du jour au lendemain jet\u00e9s sur les routes avec \u00e0 peine le temps de r\u00e9cup\u00e9rer un petit sac d\u2019affaires, le reste \u00e9tant broy\u00e9 sous leurs yeux.<\/p>\n\n\n\n<p>Les propos de certains responsables politiques montrent du doigt les plus pauvres&nbsp;: ils seraient des profiteurs, il faut les taxer davantage dit l\u2019un, il faut les surveiller plus encore dit l\u2019autre \u2026 en attendant ce sont les plus pauvres qui sont de plus en plus nombreux dans notre pays, ce sont eux qui vivent dans des conditions trop souvent inacceptables.&nbsp;<\/p>\n\n\n\n<p>Nous ne l\u2019accepterons jamais.<\/p>\n\n\n\n<p>Nous refusons que la construction de logements sociaux soit \u00e0 la baisse dans notre pays, les responsables pr\u00e9f\u00e9rant mettre les personnes dans des solutions d\u2019h\u00e9bergement provisoires. Comment vivre quand on ne sait pas de quoi demain sera fait&nbsp;?<\/p>\n\n\n\n<p>Nous n\u2019acceptons pas que les jeunes de milieu d\u00e9favoris\u00e9 soient laiss\u00e9s sur le bord du chemin, oubli\u00e9s de tous, sans avenir, sans solution \u2026<\/p>\n\n\n\n<p>Nous disons stop aux traitements faits aux migrants \u00e0 Calais et ailleurs, totalement indignes dans notre pays. A Calais des amis m\u00e8nent actuellement une gr\u00e8ve de la faim, pour dire Stop aux expulsions, au racket et demandent un vrai dialogue, nous les soutenons.<\/p>\n\n\n\n<p>Alors avec vous, avec vous tous, Mouvements, associations, syndicats, \u00e9lus, citoyens : Cap sur la dignit\u00e9 et droits devant comme le dit notre belle affiche, avec nos amis d\u2019Ha\u00efti, de Calais, de Paris et d\u2019ailleurs,&nbsp;<\/p>\n\n\n\n<p>N\u2019oublions jamais que&nbsp;ceux qui vivent dans la mis\u00e8re sont des acteurs de changement, des acteurs pour la construction du monde, des acteurs trop souvent ignor\u00e9s.<\/p>\n\n\n\n<p>L\u2019\u00e9gale dignit\u00e9 de tous est et restera toujours notre boussole.<\/p>\n\n\n\n<p>Chers amis il est temps, il est grand temps de nous unir pour faire respecter les droits de Tous.<\/p>\n","protected":false},"excerpt":{"rendered":"<p>Mesdames, Messieurs, Chers partenaires, Chers amis, Merci \u00e0 vous tous d\u2019\u00eatre ici pr\u00e9sent et \u00e0 vous qui nous regardez gr\u00e2ce \u00e0 la retransmission en direct. Nous sommes ici sur le Parvis des Droits de l\u2019homme et des libert\u00e9s, au Trocad\u00e9ro, &hellip; <a href=\"https:\/\/blogs.atd-quartmonde.fr\/magrard\/2021\/11\/03\/trocadero-17-octobre-2021\/\">Continuer la lecture <span class=\"meta-nav\">&rarr;<\/span><\/a><\/p>\n","protected":false},"author":17,"featured_media":0,"comment_status":"open","ping_status":"open","sticky":false,"template":"","format":"standard","meta":{"footnotes":""},"categories":[1],"tags":[],"class_list":["post-265","post","type-post","status-publish","format-standard","hentry","category-non-classe"],"post_mailing_queue_ids":[],"_links":{"self":[{"href":"https:\/\/blogs.atd-quartmonde.fr\/magrard\/wp-json\/wp\/v2\/posts\/265","targetHints":{"allow":["GET"]}}],"collection":[{"href":"https:\/\/blogs.atd-quartmonde.fr\/magrard\/wp-json\/wp\/v2\/posts"}],"about":[{"href":"https:\/\/blogs.atd-quartmonde.fr\/magrard\/wp-json\/wp\/v2\/types\/post"}],"author":[{"embeddable":true,"href":"https:\/\/blogs.atd-quartmonde.fr\/magrard\/wp-json\/wp\/v2\/users\/17"}],"replies":[{"embeddable":true,"href":"https:\/\/blogs.atd-quartmonde.fr\/magrard\/wp-json\/wp\/v2\/comments?post=265"}],"version-history":[{"count":2,"href":"https:\/\/blogs.atd-quartmonde.fr\/magrard\/wp-json\/wp\/v2\/posts\/265\/revisions"}],"predecessor-version":[{"id":284,"href":"https:\/\/blogs.atd-quartmonde.fr\/magrard\/wp-json\/wp\/v2\/posts\/265\/revisions\/284"}],"wp:attachment":[{"href":"https:\/\/blogs.atd-quartmonde.fr\/magrard\/wp-json\/wp\/v2\/media?parent=265"}],"wp:term":[{"taxonomy":"category","embeddable":true,"href":"https:\/\/blogs.atd-quartmonde.fr\/magrard\/wp-json\/wp\/v2\/categories?post=265"},{"taxonomy":"post_tag","embeddable":true,"href":"https:\/\/blogs.atd-quartmonde.fr\/magrard\/wp-json\/wp\/v2\/tags?post=265"}],"curies":[{"name":"wp","href":"https:\/\/api.w.org\/{rel}","templated":true}]}}