{"id":30,"date":"2008-10-08T19:32:22","date_gmt":"2008-10-08T19:32:22","guid":{"rendered":"http:\/\/www.atd-quartmonde.fr\/magrard\/?p=30"},"modified":"2008-10-08T19:32:22","modified_gmt":"2008-10-08T19:32:22","slug":"interpellation-de-martin-hirsch-haut-commissaire-aux-solidarites-actives-en-pleniere-au-cese-le-8-octobre-2008","status":"publish","type":"post","link":"https:\/\/blogs.atd-quartmonde.fr\/magrard\/2008\/10\/08\/interpellation-de-martin-hirsch-haut-commissaire-aux-solidarites-actives-en-pleniere-au-cese-le-8-octobre-2008\/","title":{"rendered":"Interpellation de Martin Hirsch ( Haut Commissaire aux Solidarit\u00e9s Actives) en Pl\u00e9ni\u00e8re au CESE le 8 Octobre 2008"},"content":{"rendered":"<p><strong>Monsieur le Pr\u00e9sident, Monsieur le Haut Commissaire, Mesdames, Messieurs,<\/strong><\/p>\n<p>Nous approchons de la Journ\u00e9e mondiale du refus de la mis\u00e8re. C&rsquo;est un rendez-vous que les pauvres du monde entier et ceux qui sont \u00e0 leurs<br \/>\nc\u00f4t\u00e9s, nous donnent \u00e0 tous. Pour une fois, ce sont eux qui convoquent et qui nous demandent, chaque ann\u00e9e \u00e0 cette occasion : o\u00f9 en \u00eates-vous ? O\u00f9 en \u00eates<br \/>\nvous du refus de la mis\u00e8re ? O\u00f9 en \u00eates-vous des politiques pour venir \u00e0 bout de ce fl\u00e9au\u00a0? O\u00f9 en \u00eates-vous personnellement pour \u00eatre \u00e0 nos c\u00f4t\u00e9s ?<!--more--><br \/>\nCela a beaucoup de sens pour nous que, l&rsquo;an dernier, le pr\u00e9sident Sarkozy ait choisi cette date pour exprimer les axes et les ambitions de sa politique dans ce domaine. Cela a du sens \u00e9galement qu&rsquo;il ait choisi ce lieu du Conseil \u00e9conomique, social et environnemental, qui, depuis des ann\u00e9es, guide notre pays dans ce que doit \u00eatre une politique globale et coh\u00e9rente, une politique guid\u00e9e par l&rsquo;acc\u00e8s de tous aux droits de tous. Cela a du sens de choisir ce lieu qui s&rsquo;est donn\u00e9 comme devise que les avanc\u00e9es soient mesur\u00e9s \u00e0 l&rsquo;aune des progr\u00e8s dans la qualit\u00e9 de vie des plus d\u00e9munis.<br \/>\nC&rsquo;est ici que le pr\u00e9sident Sarkozy s&rsquo;est engag\u00e9 \u00e0 r\u00e9duire d&rsquo;un tiers la pauvret\u00e9 dans ce pays et nous voulons que cet engagement ne concerne pas le tiers \u00ab\u00a0le moins souffrant\u00a0\u00bb mais qu&rsquo;il soit un tiers du chemin accompli avec tous, en ayant comme rep\u00e8re le plus d\u00e9muni. Vous avez fix\u00e9 des indicateurs pour suivre cet<br \/>\nobjectif, un tableau de bord en 15 points. Nous vous demandons donc Monsieur le Haut Commissaire de publier, chaque ann\u00e9e, ce tableau de bord. Si les donn\u00e9es n&rsquo;ont pas \u00e9t\u00e9 recueillies encore, publiez les derni\u00e8res valeurs connues et les objectifs que vous vous fix\u00e9s et faites le chaque ann\u00e9e, le 17 octobre.<\/p>\n<p>C&rsquo;est aussi \u00e0 l&rsquo;aune de cette devise du CES que nous suivrons le RSA. Beaucoup disent qu&rsquo;il est un outil pour soutenir les travailleurs pauvres. Tant mieux car ils en ont besoin et tout ce qui contribuera \u00e0 les faire sortir de la pauvret\u00e9 est bon \u00e0 prendre. Mais entra\u00eenera t&rsquo;il les autres ? Aurez-vous comme rep\u00e8re, l\u00e0 encore, les plus fragiles, ceux qui sont les plus \u00e9loign\u00e9s de ce droit \u00e0 l&#8217;emploi ? Nous craignons malheureusement que non et nous serons vigilants pour que le RSA soit un progr\u00e8s pour eux. Depuis le d\u00e9part nous avons dit que nous ne voulions pas d&rsquo;un grenelle du quart ou du tiers mais de tous. Depuis des ann\u00e9es, nous avons appris que rien ne sera gagn\u00e9 tant que nous ne saurons pas \u00eatre partenaires des plus pauvres. Est-ce le chemin que prendra le RSA quand on voit la fa\u00e7on dont les personnes seront associ\u00e9es au choix de leur r\u00e9f\u00e9rent ?<\/p>\n<p>Je vous invite Monsieur le Haut Commissaire \u00e0 venir le 17 octobre aux c\u00f4t\u00e9s des jeunes sur le parvis des droits de l\u2019homme et des libert\u00e9s, venez dialoguer avec eux.<br \/>\nJe vous remercie.<\/p>\n","protected":false},"excerpt":{"rendered":"<p>Monsieur le Pr\u00e9sident, Monsieur le Haut Commissaire, Mesdames, Messieurs, Nous approchons de la Journ\u00e9e mondiale du refus de la mis\u00e8re. C&rsquo;est un rendez-vous que les pauvres du monde entier et ceux qui sont \u00e0 leurs c\u00f4t\u00e9s, nous donnent \u00e0 tous. &hellip; <a href=\"https:\/\/blogs.atd-quartmonde.fr\/magrard\/2008\/10\/08\/interpellation-de-martin-hirsch-haut-commissaire-aux-solidarites-actives-en-pleniere-au-cese-le-8-octobre-2008\/\">Continuer la lecture <span class=\"meta-nav\">&rarr;<\/span><\/a><\/p>\n","protected":false},"author":17,"featured_media":0,"comment_status":"open","ping_status":"open","sticky":false,"template":"","format":"standard","meta":{"footnotes":""},"categories":[4],"tags":[36],"class_list":["post-30","post","type-post","status-publish","format-standard","hentry","category-interventions-au-cese","tag-martin-hirsch"],"post_mailing_queue_ids":[],"_links":{"self":[{"href":"https:\/\/blogs.atd-quartmonde.fr\/magrard\/wp-json\/wp\/v2\/posts\/30","targetHints":{"allow":["GET"]}}],"collection":[{"href":"https:\/\/blogs.atd-quartmonde.fr\/magrard\/wp-json\/wp\/v2\/posts"}],"about":[{"href":"https:\/\/blogs.atd-quartmonde.fr\/magrard\/wp-json\/wp\/v2\/types\/post"}],"author":[{"embeddable":true,"href":"https:\/\/blogs.atd-quartmonde.fr\/magrard\/wp-json\/wp\/v2\/users\/17"}],"replies":[{"embeddable":true,"href":"https:\/\/blogs.atd-quartmonde.fr\/magrard\/wp-json\/wp\/v2\/comments?post=30"}],"version-history":[{"count":0,"href":"https:\/\/blogs.atd-quartmonde.fr\/magrard\/wp-json\/wp\/v2\/posts\/30\/revisions"}],"wp:attachment":[{"href":"https:\/\/blogs.atd-quartmonde.fr\/magrard\/wp-json\/wp\/v2\/media?parent=30"}],"wp:term":[{"taxonomy":"category","embeddable":true,"href":"https:\/\/blogs.atd-quartmonde.fr\/magrard\/wp-json\/wp\/v2\/categories?post=30"},{"taxonomy":"post_tag","embeddable":true,"href":"https:\/\/blogs.atd-quartmonde.fr\/magrard\/wp-json\/wp\/v2\/tags?post=30"}],"curies":[{"name":"wp","href":"https:\/\/api.w.org\/{rel}","templated":true}]}}