{"id":42,"date":"2010-01-26T19:34:33","date_gmt":"2010-01-26T19:34:33","guid":{"rendered":"http:\/\/www.atd-quartmonde.fr\/magrard\/?p=42"},"modified":"2010-01-26T19:34:33","modified_gmt":"2010-01-26T19:34:33","slug":"strategie-nationale-de-developpement-durable","status":"publish","type":"post","link":"https:\/\/blogs.atd-quartmonde.fr\/magrard\/2010\/01\/26\/strategie-nationale-de-developpement-durable\/","title":{"rendered":"Strat\u00e9gie nationale de d\u00e9veloppement durable"},"content":{"rendered":"<p><strong>Monsieur le Pr\u00e9sident, Mesdames, Messieurs, <\/strong><strong><\/strong><\/p>\n<p><strong>Chers coll\u00e8gues, Monsieur le Rapporteur,<\/strong><strong><\/strong><\/p>\n<p>Analyser la Strat\u00e9gie Nationale de D\u00e9veloppement durable en si peu de temps n\u2019\u00e9tait pas une tache facile, je vous f\u00e9licite Monsieur le Rapporteur pour l\u2019\u00e9nergie que vous y avez consacr\u00e9.<\/p>\n<p>La terrible actualit\u00e9 d\u2019Ha\u00efti nous rappelle que le lien entre court, moyen et long terme est un des fondements du d\u00e9veloppement durable. Les Ha\u00eftiens ne sont pas seulement victimes aujourd\u2019hui du fait que leur \u00eele soit situ\u00e9e \u00e0 l\u2019un des endroits les plus dangereux de la plan\u00e8te \u00e0 cause des risques sismiques. <!--more--><\/p>\n<p>Ils font, dans leur grande majorit\u00e9, partie de ce milliard d\u2019\u00eatres humains qui, au vu et su de tous dans notre monde, vivent l\u2019extr\u00eame pauvret\u00e9. Les pays riches<br \/>\nqui se rassemblent en ce moment pour leur venir en aide vont-ils \u00eatre capables &#8211; au-del\u00e0 de leur solidarit\u00e9 imm\u00e9diate \u2013 de changer quelque chose <span style=\"text-decoration: underline\">dans leur<br \/>\npropre fa\u00e7on de se d\u00e9velopper<\/span>, pour qu\u2019au moins, d\u00e9sormais, sur les cinq continents, plus aucun Ha\u00efti n\u2019ait \u00e0 subir les cons\u00e9quences d\u00e9sastreuses de ce<br \/>\nd\u00e9veloppement sur les plans \u00e9conomiques, \u00e9cologiques, politiques et humains\u00a0? Nous savons bien aujourd\u2019hui que l\u2019\u00e9conomie des pays industrialis\u00e9s, centr\u00e9e prioritairement sur le profit \u00e0 court terme, a, pendant des d\u00e9cennies, creus\u00e9 les in\u00e9galit\u00e9s de mani\u00e8re vertigineuse, aussi bien \u00e0 l\u2019int\u00e9rieur qu\u2019\u00e0 l\u2019ext\u00e9rieur de ces pays. Nous savons bien\u00a0 que l\u2019indiff\u00e9rence face \u00e0 l\u2019\u00e9cologie a conduit au r\u00e9chauffement et au d\u00e9r\u00e8glement climatique et que ce sont les moins arm\u00e9s pour y faire face qui se trouvent souvent en premi\u00e8re ligne pour en affronter les cons\u00e9quences\u00a0: ainsi de ces populations affam\u00e9es par la d\u00e9sertification, ou celles vivant au bord des fleuves et menac\u00e9es \u00e0 chaque crue. Qui peut nier qu\u2019ici, en France, ce sont les plus pauvres qui, tr\u00e8s largement, sont oblig\u00e9s de vivre dans un environnement d\u00e9grad\u00e9 par des pollutions de toutes sortes et dans les logements les moins bien con\u00e7us pour pouvoir, par exemple, se chauffer, sans d\u00e9penser des fortunes\u00a0?<\/p>\n<p>Il ne faudrait pas que les drames exceptionnels engendr\u00e9s par les tremblements de terre ou les tsunamis, et la solidarit\u00e9 exceptionnelle qu\u2019ils suscitent, nous<br \/>\nfassent oublier l\u2019agonie quotidienne \u2013 certes moins m\u00e9diatisables &#8211; des victimes\u00a0 de la famine, de l\u2019exclusion et de l\u2019injustice du d\u00e9veloppement. Le rapport Brundtland ne s\u2019y est pas tromp\u00e9, lui qui avait inscrit en toutes lettres \u00ab\u00a0l\u2019\u00e9radication de la pauvret\u00e9\u00a0\u00bb comme l\u2019un des piliers du d\u00e9veloppement durable et qui pr\u00e9conisait que les tr\u00e8s pauvres soient consult\u00e9s comme acteurs du d\u00e9veloppement.<\/p>\n<p>Si j\u2019ai tellement insist\u00e9, Monsieur le rapporteur, pour que le lien soit bien \u00e9tabli entre le d\u00e9veloppement durable et la lutte contre la grande pauvret\u00e9, ce<br \/>\nn\u2019est pas pour le plaisir de mettre la pauvret\u00e9 partout. C\u2019est parce que, sans ce lien, et donc sans cette obligation de viser \u00ab\u00a0<em>prioritairement\u00a0\u00bb, <\/em>comme l\u2019\u00e9crit le rapport Brundtland,<em> \u00ab\u00a0l\u2019\u00e9radication de la pauvret\u00e9\u00a0\u00bb<\/em>, il ne peut \u00eatre question de d\u00e9veloppement durable, non seulement pour les pauvres, mais pour tous.\u00a0 En ne nous donnant pas cet objectif prioritaire, nous les condamnons, eux, les tr\u00e8s pauvres, \u2013 aussi bien en France que dans les autres pays du monde &#8211; \u00e0 la<br \/>\nd\u00e9pendance des aides, sans perspective de rejoindre, \u00e0 court ou moyen terme, le droit commun. Et nous nous condamnons, nous, \u00e0 \u00eatre les artisans d\u2019une humanit\u00e9 tronqu\u00e9e, qui abandonne une partie de ses membres, avec tous les risques de conflits inh\u00e9rents et qui iront s\u2019aggravant.<\/p>\n<p>Pourquoi ai-je trouv\u00e9 si important d\u2019inclure dans l\u2019avis la n\u00e9cessit\u00e9 d\u2019associer r\u00e9ellement les tr\u00e8s pauvres comme acteurs du d\u00e9veloppement\u00a0? Pr\u00e9cis\u00e9ment parce qu\u2019ils sont les mieux plac\u00e9s pour dire les cons\u00e9quences d\u2019un d\u00e9veloppement, en particulier \u00e9conomique, qui \u00e9crase les faibles, et parce qu\u2019ils sont les premiers \u00e0 payer le prix des catastrophes \u00e9cologiques.\u00a0\u00a0Le courage de ceux qui sont les plus expos\u00e9s au malheur &#8211; le courage du peuple ha\u00eftien en ce moment &#8211; devrait nous servir de fil rouge pour construire demain avec eux et \u00e0 leurs c\u00f4t\u00e9s. Dans l\u2019avis, Monsieur le rapporteur, il est question \u00e0 plusieurs reprises de r\u00e9duction des in\u00e9galit\u00e9s ou de renforcement de la coh\u00e9sion sociale. Je regrette que nous n\u2019ayons pas eu l\u2019audace d\u2019aller jusqu\u2019\u00e0 inscrire cette priorit\u00e9 de l\u2019<em>\u00ab\u00a0\u00e9radication de la pauvret\u00e9\u00a0\u00bb.<\/em> Celle-ci fut \u00e9nonc\u00e9e par le rapport Brundtland, pionnier du d\u00e9veloppement durable, d\u00e8s 1987. Or, c\u2019est la m\u00eame ann\u00e9e qu\u2019ici, dans cette enceinte, fut adopt\u00e9 le rapport \u00ab\u00a0Grande pauvret\u00e9 et pr\u00e9carit\u00e9 \u00e9conomique et sociale\u00a0\u00bb dont les recommandations n\u2019ont pas pris une ride. Il pr\u00e9conisait notamment (je cite) que, <em>\u00ab\u00a0<span style=\"text-decoration: underline\">pour un d\u00e9veloppement plus solidaire<\/span>, soit conf\u00e9r\u00e9e \u00e0 la lutte contre la grande pauvret\u00e9 et l\u2019exclusion sociale, le caract\u00e8re d\u2019une <span style=\"text-decoration: underline\">priorit\u00e9 nationale<\/span> engageant le pays tout entier\u00a0\u00bb<\/em> Il pr\u00e9conisait (je cite toujours)<em> \u00ab\u00a0de\u00a0reconna\u00eetre les plus d\u00e9munis comme <span style=\"text-decoration: underline\">partenaires<\/span>,<\/em> <em>condition n\u00e9cessaire <span style=\"text-decoration: underline\">au d\u00e9veloppement<\/span> de toute population\u00a0\u00bb. <\/em>C\u2019est \u00e0 l\u2019occasion du 20<sup>\u00e8me<\/sup> anniversaire de ce rapport qu\u2019a \u00e9t\u00e9 grav\u00e9e \u00e0 l\u2019entr\u00e9e du Conseil \u00e9conomique, social et environnemental la phrase embl\u00e9matique que je vous remercie, Monsieur le rapporteur, d\u2019avoir bien voulu inclure dans l\u2019Avis. Cette phrase sous-tend un v\u00e9ritable\u00a0projet de soci\u00e9t\u00e9 et m\u00eame de civilisation. A mon sens, elle devrait constituer \u00e0 la fois le socle et la mesure de toute la strat\u00e9gie de D\u00e9veloppement durable, que cette strat\u00e9gie soit nationale ou mondiale\u00a0:<em> <\/em><em>\u00ab\u00a0Consid\u00e9rer les progr\u00e8s de la soci\u00e9t\u00e9 \u00e0 l&rsquo;aune de la qualit\u00e9 de vie du plus d\u00e9muni et du plus exclu, est la dignit\u00e9 d&rsquo;une nation fond\u00e9e sur les Droits de l&rsquo;Homme.\u00a0\u00bb <\/em><\/p>\n","protected":false},"excerpt":{"rendered":"<p>Monsieur le Pr\u00e9sident, Mesdames, Messieurs, Chers coll\u00e8gues, Monsieur le Rapporteur, Analyser la Strat\u00e9gie Nationale de D\u00e9veloppement durable en si peu de temps n\u2019\u00e9tait pas une tache facile, je vous f\u00e9licite Monsieur le Rapporteur pour l\u2019\u00e9nergie que vous y avez consacr\u00e9. &hellip; <a href=\"https:\/\/blogs.atd-quartmonde.fr\/magrard\/2010\/01\/26\/strategie-nationale-de-developpement-durable\/\">Continuer la lecture <span class=\"meta-nav\">&rarr;<\/span><\/a><\/p>\n","protected":false},"author":17,"featured_media":0,"comment_status":"open","ping_status":"open","sticky":false,"template":"","format":"standard","meta":{"footnotes":""},"categories":[4],"tags":[11,12],"class_list":["post-42","post","type-post","status-publish","format-standard","hentry","category-interventions-au-cese","tag-developpement","tag-durable"],"post_mailing_queue_ids":[],"_links":{"self":[{"href":"https:\/\/blogs.atd-quartmonde.fr\/magrard\/wp-json\/wp\/v2\/posts\/42","targetHints":{"allow":["GET"]}}],"collection":[{"href":"https:\/\/blogs.atd-quartmonde.fr\/magrard\/wp-json\/wp\/v2\/posts"}],"about":[{"href":"https:\/\/blogs.atd-quartmonde.fr\/magrard\/wp-json\/wp\/v2\/types\/post"}],"author":[{"embeddable":true,"href":"https:\/\/blogs.atd-quartmonde.fr\/magrard\/wp-json\/wp\/v2\/users\/17"}],"replies":[{"embeddable":true,"href":"https:\/\/blogs.atd-quartmonde.fr\/magrard\/wp-json\/wp\/v2\/comments?post=42"}],"version-history":[{"count":0,"href":"https:\/\/blogs.atd-quartmonde.fr\/magrard\/wp-json\/wp\/v2\/posts\/42\/revisions"}],"wp:attachment":[{"href":"https:\/\/blogs.atd-quartmonde.fr\/magrard\/wp-json\/wp\/v2\/media?parent=42"}],"wp:term":[{"taxonomy":"category","embeddable":true,"href":"https:\/\/blogs.atd-quartmonde.fr\/magrard\/wp-json\/wp\/v2\/categories?post=42"},{"taxonomy":"post_tag","embeddable":true,"href":"https:\/\/blogs.atd-quartmonde.fr\/magrard\/wp-json\/wp\/v2\/tags?post=42"}],"curies":[{"name":"wp","href":"https:\/\/api.w.org\/{rel}","templated":true}]}}