{"id":46,"date":"2010-07-07T19:48:59","date_gmt":"2010-07-07T19:48:59","guid":{"rendered":"http:\/\/www.atd-quartmonde.fr\/magrard\/?p=46"},"modified":"2010-07-07T19:48:59","modified_gmt":"2010-07-07T19:48:59","slug":"les-objectifs-du-millenaire-pour-le-developpement","status":"publish","type":"post","link":"https:\/\/blogs.atd-quartmonde.fr\/magrard\/2010\/07\/07\/les-objectifs-du-millenaire-pour-le-developpement\/","title":{"rendered":"Les Objectifs du Mill\u00e9naire pour le D\u00e9veloppement"},"content":{"rendered":"<p><strong>Monsieur le Pr\u00e9sident,<br \/>\nMesdames, Messieurs, <\/strong><strong>Chers coll\u00e8gues, Monsieur le Rapporteur,<\/strong><strong> <\/strong><\/p>\n<p>Je tiens tout d\u2019abord, Monsieur le rapporteur, \u00e0 vous remercier pour votre travail et pour les propositions souvent pleines d\u2019\u00e0 propos qui ressortent de votre avis, m\u00eame si, j\u2019aurais souhait\u00e9 qu\u2019elles manifestent davantage d\u2019ambition. Vous mentionnez qu\u2019\u00e0 la suite de la crise qui frappe l\u2019ensemble des pays, 100 millions de personnes \u00e0 travers le monde, sont venues s\u2019ajouter \u00e0 celles qui vivaient d\u00e9j\u00e0 dans la mis\u00e8re. Ainsi, aucun pays jusque l\u00e0, quel que soit son d\u00e9veloppement \u00e9conomique, ne s\u2019est montr\u00e9 capable d\u2019\u00e9liminer la mis\u00e8re, voire d\u2019en emp\u00eacher significativement l\u2019extension. Face \u00e0 cette persistance, nous sommes tous dans la m\u00eame situation d\u2019\u00e9chec.<!--more--><\/p>\n<p>Pour que soient atteints les objectifs du Mill\u00e9naire, adopt\u00e9s par 189 chefs d\u2019Etat et de gouvernement en septembre 2000, la lutte contre la mis\u00e8re, ce \u00ab\u00a0ph\u00e9nom\u00e8ne abject et d\u00e9shumanisant\u00a0\u00bb, selon les OMD, \u00a0ne doit donc pas \u00eatre restreinte \u00e0 des mesures \u00e0 la marge, mais faire partie, en priorit\u00e9, des grandes obligations de l\u2019humanit\u00e9.\u00a0En particulier, la participation des personnes les plus d\u00e9munies devrait \u00eatre recherch\u00e9e comme crit\u00e8re de coh\u00e9rence des politiques<br \/>\npubliques. Celles-ci, en effet, b\u00e9n\u00e9ficient-elles \u00e0 tout le monde sans exception\u00a0? De v\u00e9ritables partenariats devraient \u00eatre \u00e9tablis entre tous les acteurs, bas\u00e9s sur la r\u00e9ciprocit\u00e9 et l\u2019\u00e9galit\u00e9 et non sur la d\u00e9pendance ou les rapports de force.<\/p>\n<p>Malgr\u00e9 le m\u00e9pris dont ils sont souvent victimes, les tr\u00e8s pauvres sont les premiers \u00e0 r\u00e9sister \u00e0 leur situation et sont donc des acteurs avec une exp\u00e9rience et des savoirs propres, indispensables pour cr\u00e9er un d\u00e9veloppement solidaire. Depuis des ann\u00e9es, cette \u00e9vidence est r\u00e9p\u00e9t\u00e9e par divers orateurs dans cette enceinte et dans plusieurs des avis du Conseil \u00e9conomique, social et environnemental, mais elle n\u2019est pas encore suffisamment mise en pratique. Parce qu\u2019ils sont pens\u00e9s \u00a0et pr\u00e9par\u00e9s sans prise\u00a0 en compte de la situation, des besoins particuliers et de la r\u00e9flexion des populations tr\u00e8s d\u00e9favoris\u00e9s, de nombreux<br \/>\nprogrammes ne les atteignent pas, alors m\u00eames qu\u2019elles en sont la cible.<\/p>\n<p>En voici un exemple r\u00e9cent\u00a0: un mois apr\u00e8s le s\u00e9isme, aucune aide internationale n\u2019\u00e9tait parvenue aux habitants des quartiers de Grande Ravine \u00e0 Port au Prince. Les 15 \u00e0 20\u00a0000 habitants de cette zone durent se d\u00e9brouiller seuls pour sortir les survivants bless\u00e9s des d\u00e9combres, enterrer les morts et survivre malgr\u00e9 tout en partageant leurs abris et la nourriture que certains d\u2019entre eux obtenaient tant bien que mal en se d\u00e9pla\u00e7ant en ville. Si l\u2019aide ne leur est pas parvenue, c\u2019est parce que leur quartier est tr\u00e8s isol\u00e9. Les routes et les chemins carrossables s\u2019arr\u00eatent en bas de ce quartier construit ill\u00e9galement le long des ravines, sur le flanc des collines. Comme d\u2019autres lieux de grande pauvret\u00e9, il \u00e9tait invisible aux yeux de nombreux acteurs de la solidarit\u00e9 internationale qui avaient d\u00e9j\u00e0 tant \u00e0 faire ailleurs et qui n\u2019\u00e9taient pas vraiment incit\u00e9s \u00e0 s\u2019y rendre \u00e0 cause de la\u00a0 mauvaise r\u00e9putation du quartier.<\/p>\n<p>Ne devrait-il pas \u00eatre obligatoire pour les bailleurs de fond et les Etats d\u2019\u00e9valuer l\u2019impact des OMD avec les populations les plus pauvres, en prenant le temps de recueillir leur avis sur les b\u00e9n\u00e9fices qu\u2019elles tirent ou non des politiques de d\u00e9veloppement\u00a0? Les taux de croissance et les indicateurs quantitatifs, pour s\u00e9duisants qu\u2019ils apparaissent, ne sont pas suffisants pour savoir ce que ces populations gagnent \u2013 ou perdent &#8211; en libert\u00e9. Les grands pays \u00e9mergents, comme la\u00a0 Chine, l\u2019Inde ou le Br\u00e9sil sont envi\u00e9s pour leur d\u00e9veloppement actuel qui, selon certaines analyses, fait reculer la pauvret\u00e9. On peut l\u2019entendre, mais encore faudrait-il regarder de plus pr\u00e8s si ce d\u00e9veloppement n\u2019entra\u00eene pas d\u2019immenses in\u00e9galit\u00e9s et s\u2019il ne contribue pas \u00e0 enfoncer dans la mis\u00e8re des millions de laiss\u00e9s pour compte.<\/p>\n<p>La lutte contre la pauvret\u00e9 participe d\u2019un v\u00e9ritable projet de civilisation dont la r\u00e9ussite ne se mesure pas \u00e0 la puissance ou \u00e0 l\u2019accumulation de richesses d\u2019un<br \/>\npays, mais \u00e0 la place que peuvent y trouver tous les hommes quels qu\u2019ils soient, reconnus dans leur \u00e9gale dignit\u00e9.<\/p>\n<p>Monsieur le rapporteur, malgr\u00e9 les quelques points que je viens d\u2019\u00e9voquer, je voterai bien volontiers votre avis qui fait progresser la fa\u00e7on de comprendre et<br \/>\nd\u2019appliquer les OMD .<\/p>\n<p>&nbsp;<\/p>\n<p>&nbsp;<\/p>\n","protected":false},"excerpt":{"rendered":"<p>Monsieur le Pr\u00e9sident, Mesdames, Messieurs, Chers coll\u00e8gues, Monsieur le Rapporteur, Je tiens tout d\u2019abord, Monsieur le rapporteur, \u00e0 vous remercier pour votre travail et pour les propositions souvent pleines d\u2019\u00e0 propos qui ressortent de votre avis, m\u00eame si, j\u2019aurais souhait\u00e9 &hellip; <a href=\"https:\/\/blogs.atd-quartmonde.fr\/magrard\/2010\/07\/07\/les-objectifs-du-millenaire-pour-le-developpement\/\">Continuer la lecture <span class=\"meta-nav\">&rarr;<\/span><\/a><\/p>\n","protected":false},"author":17,"featured_media":0,"comment_status":"open","ping_status":"open","sticky":false,"template":"","format":"standard","meta":{"footnotes":""},"categories":[4],"tags":[38],"class_list":["post-46","post","type-post","status-publish","format-standard","hentry","category-interventions-au-cese","tag-o-m-d"],"post_mailing_queue_ids":[],"_links":{"self":[{"href":"https:\/\/blogs.atd-quartmonde.fr\/magrard\/wp-json\/wp\/v2\/posts\/46","targetHints":{"allow":["GET"]}}],"collection":[{"href":"https:\/\/blogs.atd-quartmonde.fr\/magrard\/wp-json\/wp\/v2\/posts"}],"about":[{"href":"https:\/\/blogs.atd-quartmonde.fr\/magrard\/wp-json\/wp\/v2\/types\/post"}],"author":[{"embeddable":true,"href":"https:\/\/blogs.atd-quartmonde.fr\/magrard\/wp-json\/wp\/v2\/users\/17"}],"replies":[{"embeddable":true,"href":"https:\/\/blogs.atd-quartmonde.fr\/magrard\/wp-json\/wp\/v2\/comments?post=46"}],"version-history":[{"count":0,"href":"https:\/\/blogs.atd-quartmonde.fr\/magrard\/wp-json\/wp\/v2\/posts\/46\/revisions"}],"wp:attachment":[{"href":"https:\/\/blogs.atd-quartmonde.fr\/magrard\/wp-json\/wp\/v2\/media?parent=46"}],"wp:term":[{"taxonomy":"category","embeddable":true,"href":"https:\/\/blogs.atd-quartmonde.fr\/magrard\/wp-json\/wp\/v2\/categories?post=46"},{"taxonomy":"post_tag","embeddable":true,"href":"https:\/\/blogs.atd-quartmonde.fr\/magrard\/wp-json\/wp\/v2\/tags?post=46"}],"curies":[{"name":"wp","href":"https:\/\/api.w.org\/{rel}","templated":true}]}}