{"id":62,"date":"2011-11-09T19:58:53","date_gmt":"2011-11-09T19:58:53","guid":{"rendered":"http:\/\/www.atd-quartmonde.fr\/magrard\/?p=62"},"modified":"2011-11-09T19:58:53","modified_gmt":"2011-11-09T19:58:53","slug":"la-mobilite-des-jeunes","status":"publish","type":"post","link":"https:\/\/blogs.atd-quartmonde.fr\/magrard\/2011\/11\/09\/la-mobilite-des-jeunes\/","title":{"rendered":"La mobilit\u00e9 des jeunes"},"content":{"rendered":"<p><strong>Monsieur le Pr\u00e9sident, Mesdames, Messieurs, <\/strong><\/p>\n<p><strong>Chers Coll\u00e8gues, Monsieur le Rapporteur, <\/strong><\/p>\n<p>Ce travail sur la mobilit\u00e9 des jeunes ne fut pas facile. Les membres de la section ont eu \u00e0 c\u0153ur, comme vous-m\u00eames, Monsieur le Rapporteur, de faire des propositions concr\u00e8tes pour que tous les jeunes sans exception puissent b\u00e9n\u00e9ficier des dispositifs permettant cette mobilit\u00e9. En effet, comme vous le soulignez d\u00e8s le d\u00e9but de votre avis,\u00a0 moins de 2% de la jeunesse de notre pays profite aujourd\u2019hui de ces dispositifs\u2026<!--more--><\/p>\n<p>Bien s\u00fbr, cette mobilit\u00e9 rencontre des obstacles de tous ordres qui ne concernent pas seulement les jeunes les plus d\u00e9favoris\u00e9s socialement.\u00a0 Pour autant, ces derniers en sont<br \/>\ncompl\u00e8tement exclus, alors m\u00eame qu\u2019ils ont une v\u00e9ritable aspiration \u00e0 la rencontre avec d\u2019autres, aussi bien \u00e0 l\u2019int\u00e9rieur qu\u2019\u00e0 l\u2019ext\u00e9rieur de nos fronti\u00e8res.<\/p>\n<p>Je peux t\u00e9moigner que les jeunes de France et d\u2019Europe que rencontre et rassemble<br \/>\nle Mouvement ATD Quart Monde, ces jeunes issus de tous les milieux, souhaitent<br \/>\nconstruire un monde o\u00f9 chacun, \u00e0 commencer par le plus exclu, aura sa place pleine et enti\u00e8re. Comment ne pas tout mettre en \u0153uvre pour soutenir cette aspiration d\u2019une jeunesse qui, dans le contexte de morosit\u00e9 et de d\u00e9faitisme actuel, nous indique \u00e0 l\u2019\u00e9vidence le seul chemin possible\u00a0: celui de la rencontre et de la fraternit\u00e9 entre les personnes et entre les peuples\u00a0?<\/p>\n<p>C\u2019est ce qu\u2019exprime, \u00e0 sa mani\u00e8re, Beno\u00eet, l\u2019un de ces jeunes. Je le cite\u00a0: \u00ab\u00a0J\u2019aimerais que les responsables politiques rendent le volontariat obligatoire pour tous les jeunes pendant un an de leur vie entre 18 et 25 ans. Tous les jeunes se rendraient ainsi compte des r\u00e9alit\u00e9s qui les entourent mais aussi, qui sait, deviendrions-nous tous plus\u00a0humains\u00a0! Il faut que les jeunes de diff\u00e9rents milieux se c\u00f4toient afin de combattre les pr\u00e9jug\u00e9s qu\u2019on peut tous avoir, selon le quartier d\u2019o\u00f9 l\u2019on vient, que ce soit difficile ou pas. Nous avons tous des torts, mais nous avons tous besoin de nous remettre en cause et de passer du temps ensemble.\u00a0\u00bb<\/p>\n<p>Beno\u00eet fait partie de ces centaines de milliers de jeunes qui, sans l\u2019avoir choisi, sans \u00eatre des fain\u00e9ants ou des d\u00e9linquants, comme d\u2019aucuns s\u2019autorisent \u00e0 les qualifier globalement, souffrent d\u2019un manque de formation et de travail, d\u2019un non acc\u00e8s \u00e0 la culture et aux loisirs, d\u2019une grande difficult\u00e9 \u00e0 se soigner et, comme vous l\u2019avez bien soulign\u00e9, Monsieur le Rapporteur, d\u2019une quasi impossibilit\u00e9 de se loger. Ils souffrent tout particuli\u00e8rement de constater que la r\u00e9alit\u00e9 de ce qu\u2019ils vivent, semble ignor\u00e9e du reste de la soci\u00e9t\u00e9 et donc<br \/>\nde ceux qui ont pourtant en charge la responsabilit\u00e9 du vivre ensemble.<\/p>\n<p>Hier, le rapport annuel du Secours catholique rappelait que les \u00be des jeunes accueillis par l\u2019association ne sont ni en formation, ni en emploi, que 40% sont au ch\u00f4mage et 12% \u00e0 la rue.<\/p>\n<p>Si, \u00e0 la suite de cet avis, il \u00e9tait d\u00e9cid\u00e9 d\u2019augmenter les possibilit\u00e9s de mobilit\u00e9s intra et internationales pour les jeunes, cela devrait concerner en toute priorit\u00e9 ceux qui n\u2019ont pu en profiter jusque-l\u00e0, alors m\u00eame qu\u2019ils en ont le plus besoin et qu\u2019ils y aspirent profond\u00e9ment.<\/p>\n<p>Je voterai votre avis.<\/p>\n","protected":false},"excerpt":{"rendered":"<p>Monsieur le Pr\u00e9sident, Mesdames, Messieurs, Chers Coll\u00e8gues, Monsieur le Rapporteur, Ce travail sur la mobilit\u00e9 des jeunes ne fut pas facile. Les membres de la section ont eu \u00e0 c\u0153ur, comme vous-m\u00eames, Monsieur le Rapporteur, de faire des propositions concr\u00e8tes &hellip; <a href=\"https:\/\/blogs.atd-quartmonde.fr\/magrard\/2011\/11\/09\/la-mobilite-des-jeunes\/\">Continuer la lecture <span class=\"meta-nav\">&rarr;<\/span><\/a><\/p>\n","protected":false},"author":17,"featured_media":0,"comment_status":"open","ping_status":"open","sticky":false,"template":"","format":"standard","meta":{"footnotes":""},"categories":[4],"tags":[],"class_list":["post-62","post","type-post","status-publish","format-standard","hentry","category-interventions-au-cese"],"post_mailing_queue_ids":[],"_links":{"self":[{"href":"https:\/\/blogs.atd-quartmonde.fr\/magrard\/wp-json\/wp\/v2\/posts\/62","targetHints":{"allow":["GET"]}}],"collection":[{"href":"https:\/\/blogs.atd-quartmonde.fr\/magrard\/wp-json\/wp\/v2\/posts"}],"about":[{"href":"https:\/\/blogs.atd-quartmonde.fr\/magrard\/wp-json\/wp\/v2\/types\/post"}],"author":[{"embeddable":true,"href":"https:\/\/blogs.atd-quartmonde.fr\/magrard\/wp-json\/wp\/v2\/users\/17"}],"replies":[{"embeddable":true,"href":"https:\/\/blogs.atd-quartmonde.fr\/magrard\/wp-json\/wp\/v2\/comments?post=62"}],"version-history":[{"count":0,"href":"https:\/\/blogs.atd-quartmonde.fr\/magrard\/wp-json\/wp\/v2\/posts\/62\/revisions"}],"wp:attachment":[{"href":"https:\/\/blogs.atd-quartmonde.fr\/magrard\/wp-json\/wp\/v2\/media?parent=62"}],"wp:term":[{"taxonomy":"category","embeddable":true,"href":"https:\/\/blogs.atd-quartmonde.fr\/magrard\/wp-json\/wp\/v2\/categories?post=62"},{"taxonomy":"post_tag","embeddable":true,"href":"https:\/\/blogs.atd-quartmonde.fr\/magrard\/wp-json\/wp\/v2\/tags?post=62"}],"curies":[{"name":"wp","href":"https:\/\/api.w.org\/{rel}","templated":true}]}}