{"id":69,"date":"2012-02-16T06:41:33","date_gmt":"2012-02-16T06:41:33","guid":{"rendered":"http:\/\/www.atd-quartmonde.fr\/magrard\/?p=69"},"modified":"2012-02-16T06:41:33","modified_gmt":"2012-02-16T06:41:33","slug":"25-ans-du-rapport-wresinski","status":"publish","type":"post","link":"https:\/\/blogs.atd-quartmonde.fr\/magrard\/2012\/02\/16\/25-ans-du-rapport-wresinski\/","title":{"rendered":"25 ans du rapport Wresinski"},"content":{"rendered":"<p>Bonsoir, je suis Marie-Aleth Grard, vice pr\u00e9sidente d\u2019ATD Quart Monde, je repr\u00e9sente ATD Quart Monde au<br \/>\nConseil \u00e9conomique social et environnemental\u00a0; j\u2019ai la grande chance d\u2019\u00eatre charg\u00e9e de vous accueillir ici ce soir.<!--more--><\/p>\n<p>Mr le Pr\u00e9sident je vous remercie d\u2019accepter d\u2019\u00eatre accueilli ici, alors que vous \u00eates dans vos murs et<br \/>\nque c\u2019est vous qui avez pris l\u2019initiative de cette rencontre. Le protocole est un peu renvers\u00e9 ce soir\u2026 Sachez, en tout cas, que c\u2019est un grand honneur pour nous tous d\u2019\u00eatre re\u00e7us dans cette maison.<\/p>\n<p>Soyez tous les bienvenus dans cet h\u00e9micycle du Conseil \u00e9conomique social et environnemental, troisi\u00e8me<br \/>\nassembl\u00e9e de la R\u00e9publique, inscrite dans la Constitution fran\u00e7aise, apr\u00e8s l\u2019Assembl\u00e9e nationale et le S\u00e9nat.<\/p>\n<p>Les 233 membres du Conseil \u00e9conomique, social et environnemental repr\u00e9sentent ce que l\u2019on appelle la<br \/>\nsoci\u00e9t\u00e9 civile. 193 membres sont d\u00e9sign\u00e9s par les organisations syndicales, patronales, le monde de l\u2019agriculture, les associations, et depuis 2010 un groupe de repr\u00e9sentants d\u2019associations engag\u00e9es dans la d\u00e9fense de la nature et de l\u2019environnement. Et puis il y a 40 personnalit\u00e9s qualifi\u00e9es qui sont<br \/>\nd\u00e9sign\u00e9es par le Pr\u00e9sident de la R\u00e9publique.<\/p>\n<p>Le travail du Conseil ne consiste pas \u00e0 voter les lois mais \u00e0 proposer des rapports au gouvernement et \u00e0<br \/>\nl\u2019assembl\u00e9e nationale sur des sujets qui traversent la soci\u00e9t\u00e9.<\/p>\n<p>Il y a donc beaucoup de dialogue dans cette maison. Les uns et les autres partagent et confrontent<br \/>\nleurs savoirs, leurs connaissances, leurs exp\u00e9riences. Des personnes ext\u00e9rieures sont auditionn\u00e9es pour leurs comp\u00e9tences. C\u2018est un v\u00e9ritable exercice de d\u00e9mocratie. C\u2019est aussi pour toutes ces raisons que Joseph Wresinski aimait et croyait dans cette assembl\u00e9e, c\u2019\u00e9tait pour lui le lieu de notre d\u00e9mocratie o\u00f9 les plus pauvres peuvent \u00eatre vraiment entendus. C\u2019est un lieu o\u00f9 tous les partenaires de la soci\u00e9t\u00e9 civile cherchent<br \/>\nensemble comment faire progresser notre soci\u00e9t\u00e9.<\/p>\n<p>Nous sommes aujourd\u2019hui le 14 f\u00e9vrier, date importante pour les membres du Conseil et pour les membres du<br \/>\nMouvement ATD Quart Monde. C\u2019est en effet le 14 f\u00e9vrier 1988 que Joseph Wresinski, notre fondateur est d\u00e9c\u00e9d\u00e9, et c\u2019est le 14 f\u00e9vrier 2002, il y a tout juste 10 ans, que Genevi\u00e8ve Anthonioz &#8211; de Gaulle, qui avait pris la suite de Joseph Wresinski dans cette maison, est elle-m\u00eame d\u00e9c\u00e9d\u00e9e. Ce clin d\u2019\u0153il du calendrier est une<br \/>\ntr\u00e8s belle fa\u00e7on de les unir \u00e0 notre soir\u00e9e.<\/p>\n<p>11 F\u00e9vrier 1987 \u2013 14 F\u00e9vrier\u00a02012\u00a0: il y a 25 ans, Joseph Wresinski\u00a0pr\u00e9sentait dans cet h\u00e9micycle l\u2019avis et le rapport intitul\u00e9 \u00ab\u00a0Grande pauvret\u00e9 et Pr\u00e9carit\u00e9 \u00e9conomique et sociale\u00a0\u00bb, dit rapport Wr\u00e9sinski.<\/p>\n<p>Ce rapport a n\u00e9cessit\u00e9 deux ans de travaux, de rencontres \u00e0 Noisy le Grand,\u00a0 d\u2019enqu\u00eates \u00e0 Caen par les personnes vivant la grande pauvret\u00e9 elles-m\u00eames, de t\u00e9moignages des universit\u00e9s populaires quart monde, de tr\u00e8s nombreuses auditions, d\u2019exp\u00e9rience en Ile et Vilaine du revenu garanti\u00a0; deux ans de travaux qui ont abouti au rapport le plus lu et toujours le plus demand\u00e9 depuis 25 ans au Conseil \u00e9conomique social et environnemental \u2026<\/p>\n<p>Si ce rapport reste d\u2019une grande actualit\u00e9, c\u2019est sans aucun doute parce qu\u2019il \u00e9tait d\u2019avant-garde et que<br \/>\nnotre soci\u00e9t\u00e9 a compris petit \u00e0 petit les concepts fond\u00e9s et cruciaux qu\u2019il mettait en avant. On a peine \u00e0 imaginer aujourd\u2019hui qu\u2019avant le rapport Wresinski une personne n\u2019ayant pas retrouv\u00e9 de travail apr\u00e8s une longue p\u00e9riode de ch\u00f4mage \u00e9tait consid\u00e9r\u00e9e comme \u00ab\u00a0en fin de droits\u00a0\u00bb (quelle expression terrible !) et n\u2019avait plus, pour elle et sa famille, que le recours \u00e0 la charit\u00e9. Heureusement, un an seulement apr\u00e8s la parution du rapport \u00a0au Journal Officiel, sa recommandation d\u2019un revenu plancher pour toute personne priv\u00e9e durablement de travail d\u00e9bouchait sur la cr\u00e9ation du RMI. Les affirmations du rapport Wresinski, selon lesquelles<br \/>\nla mis\u00e8re est une violation des Droits de l\u2019Homme et la participation des personnes les plus d\u00e9favoris\u00e9es une condition n\u00e9cessaire \u00e0 la r\u00e9ussite des politiques publiques, furent plus\u00a0longues \u00e0 \u00eatre admises, mais sont aujourd\u2019hui incontournables.<\/p>\n<p>Le rapport \u00ab\u00a0Grande pauvret\u00e9 et Pr\u00e9carit\u00e9 \u00e9conomique et sociale\u00a0\u00bb garde toute sa force et sa pertinence dans la\u00a0 dur\u00e9e parce qu\u2019il sous-tend un v\u00e9ritable projet de soci\u00e9t\u00e9. \u00a0Il nous fait comprendre que la mis\u00e8re est un<br \/>\nd\u00e9ni des droits de l\u2019Homme et que, comme telle, elle porte atteinte \u00e0 la dignit\u00e9 de chaque \u00eatre humain car l\u2019humanit\u00e9 est une. D\u00e8s lors, nous ne pouvons nous contenter, comme le disait Joseph Wresinski, de soulager les maux de ceux qui souffrent de la mis\u00e8re\u00a0; ce serait une fa\u00e7on d\u2019accepter qu\u2019elle est in\u00e9vitable, alors qu\u2019elle doit \u00eatre d\u00e9truite. Or, l\u2019\u00e9radication de la mis\u00e8re ne se fera pas par des mesures ou des politiques sp\u00e9cifiques dites \u00ab\u00a0de lutte contre la pauvret\u00e9\u00a0\u00bb, mais par des politiques g\u00e9n\u00e9rales con\u00e7ues avec la participation des plus d\u00e9munis afin de permettre un r\u00e9el acc\u00e8s de tous aux droits de tous, c\u2019est-\u00e0-dire au droit commun.<\/p>\n<p>C\u2019\u00e9tait l\u2019ambition de la loi d\u2019orientation relative \u00e0 la lutte contre les exclusions qui a affich\u00e9e en 1998<br \/>\ndans son article premier que la lutte contre les exclusions est un imp\u00e9ratif national fond\u00e9 sur le respect de l&rsquo;\u00e9gale dignit\u00e9 de tous les \u00eatres humains, que la nation doit garantir \u00e0 chacun l&rsquo;effectivit\u00e9 des droits fondamentaux et que l&rsquo;Etat et les citoyens doivent tous y contribuer, chacun de sa responsabilit\u00e9.<br \/>\nCet article 1er est maintenant int\u00e9gr\u00e9 dans le code de l&rsquo;action sociale et de la famille.<\/p>\n<p>Une soci\u00e9t\u00e9 qui n\u2019a pas d\u2019ambition pour ses membres les plus \u00e9loign\u00e9s du droit commun fait la preuve<br \/>\nqu\u2019elle n\u2019en a pas vraiment pour les autres non plus. Quand elle abdique pour les plus d\u00e9munis, elle montre qu\u2019elle est pr\u00eate \u00e0 abdiquer pour n\u2019importe lequel de ses membres. Beaucoup en font aujourd\u2019hui l\u2019am\u00e8re exp\u00e9rience, notamment ceux qui se retrouvent au ch\u00f4mage alors qu\u2019ils se croyaient en s\u00e9curit\u00e9.<\/p>\n<p>Aucune soci\u00e9t\u00e9, jamais, ne r\u00e9pondra \u00e0 l\u2019attente de tous ceux qui la composent, tant qu\u2019elle ne cherchera<br \/>\npas \u00e0 r\u00e9pondre en priorit\u00e9 aux attentes et aux aspirations de ceux qui sont au pied de l\u2019\u00e9chelle sociale.<\/p>\n<p>C\u2019est le sens de la phrase grav\u00e9e \u00e0 l\u2019entr\u00e9e de cette maison \u00e0 l\u2019occasion du vingti\u00e8me anniversaire du<br \/>\nrapport Wresinski\u00a0: \u00ab\u00a0Consid\u00e9rer les progr\u00e8s de la soci\u00e9t\u00e9 \u00e0 l&rsquo;aune de la qualit\u00e9 de vie du plus d\u00e9muni et du plus exclu, est la dignit\u00e9 d&rsquo;une nation fond\u00e9e sur les droits de l&rsquo;Homme.\u00a0\u00bb\u00a0 Tel est le projet de soci\u00e9t\u00e9 auquel nous convie le rapport Wresinski\u00a0et je suis certaine que l\u2019universit\u00e9 populaire quart monde de ce soir va nous permettre de vivre un vrai temps de d\u00e9mocratie.<\/p>\n<p>&nbsp;<\/p>\n","protected":false},"excerpt":{"rendered":"<p>Bonsoir, je suis Marie-Aleth Grard, vice pr\u00e9sidente d\u2019ATD Quart Monde, je repr\u00e9sente ATD Quart Monde au Conseil \u00e9conomique social et environnemental\u00a0; j\u2019ai la grande chance d\u2019\u00eatre charg\u00e9e de vous accueillir ici ce soir.<\/p>\n","protected":false},"author":17,"featured_media":0,"comment_status":"open","ping_status":"open","sticky":false,"template":"","format":"standard","meta":{"footnotes":""},"categories":[4],"tags":[],"class_list":["post-69","post","type-post","status-publish","format-standard","hentry","category-interventions-au-cese"],"post_mailing_queue_ids":[],"_links":{"self":[{"href":"https:\/\/blogs.atd-quartmonde.fr\/magrard\/wp-json\/wp\/v2\/posts\/69","targetHints":{"allow":["GET"]}}],"collection":[{"href":"https:\/\/blogs.atd-quartmonde.fr\/magrard\/wp-json\/wp\/v2\/posts"}],"about":[{"href":"https:\/\/blogs.atd-quartmonde.fr\/magrard\/wp-json\/wp\/v2\/types\/post"}],"author":[{"embeddable":true,"href":"https:\/\/blogs.atd-quartmonde.fr\/magrard\/wp-json\/wp\/v2\/users\/17"}],"replies":[{"embeddable":true,"href":"https:\/\/blogs.atd-quartmonde.fr\/magrard\/wp-json\/wp\/v2\/comments?post=69"}],"version-history":[{"count":0,"href":"https:\/\/blogs.atd-quartmonde.fr\/magrard\/wp-json\/wp\/v2\/posts\/69\/revisions"}],"wp:attachment":[{"href":"https:\/\/blogs.atd-quartmonde.fr\/magrard\/wp-json\/wp\/v2\/media?parent=69"}],"wp:term":[{"taxonomy":"category","embeddable":true,"href":"https:\/\/blogs.atd-quartmonde.fr\/magrard\/wp-json\/wp\/v2\/categories?post=69"},{"taxonomy":"post_tag","embeddable":true,"href":"https:\/\/blogs.atd-quartmonde.fr\/magrard\/wp-json\/wp\/v2\/tags?post=69"}],"curies":[{"name":"wp","href":"https:\/\/api.w.org\/{rel}","templated":true}]}}