{"id":72,"date":"2012-06-14T06:49:07","date_gmt":"2012-06-14T06:49:07","guid":{"rendered":"http:\/\/www.atd-quartmonde.fr\/magrard\/?p=72"},"modified":"2012-06-14T06:49:07","modified_gmt":"2012-06-14T06:49:07","slug":"droits-sociaux-des-jeunes","status":"publish","type":"post","link":"https:\/\/blogs.atd-quartmonde.fr\/magrard\/2012\/06\/14\/droits-sociaux-des-jeunes\/","title":{"rendered":"Droits sociaux des jeunes"},"content":{"rendered":"<p>Monsieur le Pr\u00e9sident, Mesdames, Messieurs,\u00a0Chers coll\u00e8gues, Cher Antoine,<br \/>\nEn abordant cette question : \u00ab comment am\u00e9liorer le recours aux droits sociaux des jeunes ? \u00bb, nous savions que ce serait difficile. Nous n\u2019avons pas \u00e9t\u00e9 d\u00e9\u00e7us !<!--more--> Au-del\u00e0 de la complexit\u00e9 du sujet, nous avons \u00e9t\u00e9 confront\u00e9s en section \u00e0 des visions de la soci\u00e9t\u00e9 tr\u00e8s \u00e9loign\u00e9es les unes des autres, ce qui n\u2019a pas facilit\u00e9 la t\u00e2che de notre rapporteur. Heureusement, tu as su, Antoine, tenir bon malgr\u00e9 les temp\u00eates et permettre que cet Avis d\u00e9bouche sur des pr\u00e9conisations essentielles pour l\u2019avenir de notre jeunesse et donc pour l\u2019avenir de notre pays. Je t\u2019en remercie, et je voterai l\u2019Avis.<br \/>\nCertes, les jeunes de France ne sont pas les plus \u00e0 plaindre en Europe et dans le monde. Il n\u2019en reste pas moins que leur situation, plus que pr\u00e9occupante, est r\u00e9v\u00e9latrice de nos insuffisances pass\u00e9es et des chemins \u00e0 prendre pour y rem\u00e9dier. Quelle que soit leur couleur, nos responsables politiques ont accept\u00e9 \u2013 oui, accept\u00e9 \u2013 que, depuis des d\u00e9cennies, 150 000 jeunes sortent chaque ann\u00e9e du cursus scolaire sans qualification aucune. Comment ne pas avoir imagin\u00e9 que nous en payerions le prix un jour ou l\u2019autre ? Aujourd\u2019hui, 41% des jeunes qui vivent dans des quartiers d\u00e9favoris\u00e9s sont au ch\u00f4mage ; 50% en Outremer et plus de 22% globalement en m\u00e9tropole ; l\u2019\u00e2ge moyen de l\u2019acc\u00e8s au premier CDI est de 27ans\u2026<br \/>\nNe croyons pas que l\u2019on pourra pallier ces insuffisances par des mesures sp\u00e9cifiques, au coup par coup, qui ne contribueraient qu\u2019\u00e0 maintenir les jeunes hors du droit commun.<\/p>\n<p>J\u2019ai trouv\u00e9 capital que l\u2019Avis propose un \u00ab droit \u00e0 la qualification et \u00e0 la formation tout au long de la vie \u00bb, assorti des moyens lui permettant de devenir effectif. Cela suppose que les jeunes soient soutenus, ce qui leur manque cruellement aujourd\u2019hui dans la majorit\u00e9 des cas.<br \/>\nLe t\u00e9moignage de C\u00e9cile, 22 ans, nous le confirme : \u00ab J\u2019ai beaucoup de mal \u2013 dit-elle &#8211; \u00e0 trouver un travail ou une formation puisque je n\u2019ai pas de dipl\u00f4me. Je suis all\u00e9e \u00e0 la Mission locale, j\u2019ai fait des stages, des formations, des remises \u00e0 niveau qui n\u2019ont men\u00e9 \u00e0 rien. \u00c7a fait 3 ans que j\u2019y vais. Je n\u2019ai pu rencontrer un conseiller qu\u2019une fois toutes les 3 ou 4 semaines pendant 20 minutes. \u00bb<br \/>\nTon Avis, Antoine, nous fait mieux comprendre que si l\u2019avenir de notre jeunesse, de toute notre jeunesse, nous tenait vraiment \u00e0 c\u0153ur, nous en ferions un objectif principal de nos politiques. Nous n\u2019accepterions plus que des jeunes, par centaines de milliers, non seulement quittent l\u2019\u00e9cole sans qualification, mais ne b\u00e9n\u00e9ficient pas par la suite de tout le soutien et l\u2019accompagnement leur permettant d\u2019acc\u00e9der \u00e0 un emploi et de se former en continu. \u00a0Notamment, nous renforcerions les moyens des Missions locales, trop surcharg\u00e9es \u00e0 ce jour et ne pouvant consacrer \u00e0 chaque jeune le temps n\u00e9cessaire.<br \/>\nBien s\u00fbr, cet Avis ne concerne pas seulement les droits des jeunes les plus d\u00e9favoris\u00e9s. Mais n\u2019oublions pas ce que disait Montesquieu : \u00ab Une injustice faite \u00e0 un seul est une menace faite \u00e0 tous \u00bb.<br \/>\nJe vous remercie.<\/p>\n","protected":false},"excerpt":{"rendered":"<p>Monsieur le Pr\u00e9sident, Mesdames, Messieurs,\u00a0Chers coll\u00e8gues, Cher Antoine, En abordant cette question : \u00ab comment am\u00e9liorer le recours aux droits sociaux des jeunes ? \u00bb, nous savions que ce serait difficile. Nous n\u2019avons pas \u00e9t\u00e9 d\u00e9\u00e7us !<\/p>\n","protected":false},"author":17,"featured_media":0,"comment_status":"open","ping_status":"open","sticky":false,"template":"","format":"standard","meta":{"footnotes":""},"categories":[4],"tags":[],"class_list":["post-72","post","type-post","status-publish","format-standard","hentry","category-interventions-au-cese"],"post_mailing_queue_ids":[],"_links":{"self":[{"href":"https:\/\/blogs.atd-quartmonde.fr\/magrard\/wp-json\/wp\/v2\/posts\/72","targetHints":{"allow":["GET"]}}],"collection":[{"href":"https:\/\/blogs.atd-quartmonde.fr\/magrard\/wp-json\/wp\/v2\/posts"}],"about":[{"href":"https:\/\/blogs.atd-quartmonde.fr\/magrard\/wp-json\/wp\/v2\/types\/post"}],"author":[{"embeddable":true,"href":"https:\/\/blogs.atd-quartmonde.fr\/magrard\/wp-json\/wp\/v2\/users\/17"}],"replies":[{"embeddable":true,"href":"https:\/\/blogs.atd-quartmonde.fr\/magrard\/wp-json\/wp\/v2\/comments?post=72"}],"version-history":[{"count":0,"href":"https:\/\/blogs.atd-quartmonde.fr\/magrard\/wp-json\/wp\/v2\/posts\/72\/revisions"}],"wp:attachment":[{"href":"https:\/\/blogs.atd-quartmonde.fr\/magrard\/wp-json\/wp\/v2\/media?parent=72"}],"wp:term":[{"taxonomy":"category","embeddable":true,"href":"https:\/\/blogs.atd-quartmonde.fr\/magrard\/wp-json\/wp\/v2\/categories?post=72"},{"taxonomy":"post_tag","embeddable":true,"href":"https:\/\/blogs.atd-quartmonde.fr\/magrard\/wp-json\/wp\/v2\/tags?post=72"}],"curies":[{"name":"wp","href":"https:\/\/api.w.org\/{rel}","templated":true}]}}