{"id":77,"date":"2012-09-13T19:06:49","date_gmt":"2012-09-13T19:06:49","guid":{"rendered":"http:\/\/www.atd-quartmonde.fr\/magrard\/?p=77"},"modified":"2012-09-13T19:06:49","modified_gmt":"2012-09-13T19:06:49","slug":"premier-arbre-aux-ceramiques-a-montreuil","status":"publish","type":"post","link":"https:\/\/blogs.atd-quartmonde.fr\/magrard\/2012\/09\/13\/premier-arbre-aux-ceramiques-a-montreuil\/","title":{"rendered":"Premier arbre aux c\u00e9ramiques \u00e0 Montreuil"},"content":{"rendered":"<p>Madame la Maire\u00a0Mesdames, Messieurs,<br \/>\nAvant tout je souhaite vous remercier Madame la Maire pour votre accueil chaleureux, car c\u2019est gr\u00e2ce \u00e0 cet accueil que nous sommes ici ce soir.<!--more--><br \/>\nATD Quart Monde souhaite cr\u00e9er, ici aux c\u00e9ramiques \u00e0 Montreuil, une Maison ATD Quart Monde France qui sera avant tout une vitrine de la lutte contre la mis\u00e8re. C\u2019est un nouveau projet pour notre mouvement et nous le voulons ambitieux, car pour \u00e9radiquer la mis\u00e8re rien n\u2019est jamais trop ambitieux.Cette maison, nous le souhaitons sera une maison de rencontres, un lieu vivant d\u2019\u00e9changes, avec une m\u00e9diath\u00e8que et un espace multim\u00e9dia qui accueillera le public int\u00e9ress\u00e9 par une base de donn\u00e9es unique de tous les ouvrages qui traitent de la pauvret\u00e9.<br \/>\nCette maison sera aussi un lieu de r\u00e9flexion et d\u2019acc\u00e8s aux droits, elle accueillera l\u2019Universit\u00e9 Populaire Quart Monde Ile de France, ainsi qu\u2019un espace pour soutenir les engagements citoyens contre la mis\u00e8re avec entre autres les comit\u00e9s solidaires pour les droits. Comit\u00e9 solidaire pour les droits o\u00f9 nous sommes en partenariat avec Amnesty international et le Secours Catholique.<br \/>\nCe sera la maison de l\u2019innovation sociale, un lieu de recherche et de d\u00e9veloppement pour la lutte contre la grande pauvret\u00e9. La culture, l\u2019acc\u00e8s \u00e0 la culture et aux savoirs sont au c\u0153ur des actions d\u2019ATD Quart Monde depuis plus de cinquante ans.Situ\u00e9e dans un quartier en changement, la maison ATD Quart Monde aura vocation \u00e0 accueillir aussi bien les habitants du quartier autour d\u2019un cin\u00e9-d\u00e9bat que les chercheurs d\u2019Ile de France qui auront besoin des documents de la m\u00e9diath\u00e8que.<br \/>\nNous sommes fiers et heureux de ce projet.<\/p>\n","protected":false},"excerpt":{"rendered":"<p>Madame la Maire\u00a0Mesdames, Messieurs, Avant tout je souhaite vous remercier Madame la Maire pour votre accueil chaleureux, car c\u2019est gr\u00e2ce \u00e0 cet accueil que nous sommes ici ce soir.<\/p>\n","protected":false},"author":17,"featured_media":0,"comment_status":"open","ping_status":"open","sticky":false,"template":"","format":"standard","meta":{"footnotes":""},"categories":[3],"tags":[],"class_list":["post-77","post","type-post","status-publish","format-standard","hentry","category-intervention"],"post_mailing_queue_ids":[],"_links":{"self":[{"href":"https:\/\/blogs.atd-quartmonde.fr\/magrard\/wp-json\/wp\/v2\/posts\/77","targetHints":{"allow":["GET"]}}],"collection":[{"href":"https:\/\/blogs.atd-quartmonde.fr\/magrard\/wp-json\/wp\/v2\/posts"}],"about":[{"href":"https:\/\/blogs.atd-quartmonde.fr\/magrard\/wp-json\/wp\/v2\/types\/post"}],"author":[{"embeddable":true,"href":"https:\/\/blogs.atd-quartmonde.fr\/magrard\/wp-json\/wp\/v2\/users\/17"}],"replies":[{"embeddable":true,"href":"https:\/\/blogs.atd-quartmonde.fr\/magrard\/wp-json\/wp\/v2\/comments?post=77"}],"version-history":[{"count":0,"href":"https:\/\/blogs.atd-quartmonde.fr\/magrard\/wp-json\/wp\/v2\/posts\/77\/revisions"}],"wp:attachment":[{"href":"https:\/\/blogs.atd-quartmonde.fr\/magrard\/wp-json\/wp\/v2\/media?parent=77"}],"wp:term":[{"taxonomy":"category","embeddable":true,"href":"https:\/\/blogs.atd-quartmonde.fr\/magrard\/wp-json\/wp\/v2\/categories?post=77"},{"taxonomy":"post_tag","embeddable":true,"href":"https:\/\/blogs.atd-quartmonde.fr\/magrard\/wp-json\/wp\/v2\/tags?post=77"}],"curies":[{"name":"wp","href":"https:\/\/api.w.org\/{rel}","templated":true}]}}