{"id":96,"date":"2012-10-18T21:18:02","date_gmt":"2012-10-18T21:18:02","guid":{"rendered":"http:\/\/www.atd-quartmonde.fr\/magrard\/?p=96"},"modified":"2012-10-18T21:18:02","modified_gmt":"2012-10-18T21:18:02","slug":"la-misere-est-une-grande-violence","status":"publish","type":"post","link":"https:\/\/blogs.atd-quartmonde.fr\/magrard\/2012\/10\/18\/la-misere-est-une-grande-violence\/","title":{"rendered":"\u00ab\u00a0La mis\u00e8re est une grande violence\u00a0\u00bb"},"content":{"rendered":"<p>\u00c9radiquer la pauvret\u00e9 doit \u00eatre un objectif affich\u00e9 du gouvernement, r\u00e9clame Marie-Aleth Grard (ATD-Quart Monde), \u00e0 l\u2019occasion de la Journ\u00e9e du refus de la mis\u00e8re. La c\u00e9l\u00e9bration de la 25e Journ\u00e9e mondiale du refus de la mis\u00e8re a \u00e9t\u00e9 l\u2019occasion pour ATD-Quart Monde de rendre publique une \u00e9tude mondiale sur la pauvret\u00e9, sur laquelle revient sa vice-pr\u00e9sidente, Marie-Aleth Grard.<!--more--><\/p>\n<p>Votre \u00e9tude fait le lien entre mis\u00e8re et violence. Pourquoi\u2009?<\/p>\n<p>Marie-Aleth Grard. Men\u00e9e pendant deux ans avec des chercheurs et des personnes tr\u00e8s pauvres, cette \u00e9tude montre combien la mis\u00e8re constitue une violence quotidienne. Le mal-logement, la faim, l\u2019exclusion, l\u2019\u00e9chec scolaire sont d\u2019une telle violence qu\u2019ils brisent des personnes pendant des ann\u00e9es. C\u2019est aussi le cas en France lorsque des enfants sont plac\u00e9s car leurs parents se retrouvent sans logement. Ils ne les voient qu\u2019une seule fois par mois, uniquement parce qu\u2019ils sont pauvres. Apr\u00e8s avoir pass\u00e9 cinq ans \u00e0 la rue, une jeune trentenaire accueillie dans une cit\u00e9 de promotion familiale de Noisy-le-Grand par ATD-Quart Monde a continu\u00e9 \u00e0 dormir pendant trois mois dans le salon avec sa famille de peur qu\u2019on vienne lui reprendre ses trois enfants. Il lui a fallu un an pour ouvrir sa porte \u00e0 des b\u00e9n\u00e9voles. Dans certaines communes, des personnes pauvres ne sont pas re\u00e7ues par le service logement si elles ne sont pas accompagn\u00e9es d\u2019un militant d\u2019ATD-Quart Monde. Un traitement diff\u00e9renci\u00e9 d\u2019une extr\u00eame violence, au m\u00eame titre que les enfants trait\u00e9s de SDF \u00e0 l\u2019\u00e9cole parce qu\u2019ils vivent \u00e0 l\u2019h\u00f4tel.<\/p>\n<p>Quel est le message de cette journ\u00e9e de mobilisation\u2009?<\/p>\n<p>Marie-Aleth Grard. Les derniers chiffres de l\u2019Insee sont affolants, avec 8,6\u202fmillions de personnes qui vivent sous le seuil de pauvret\u00e9, un chiffre en hausse. Dans ce contexte, il faut absolument relever les minima sociaux, avec lesquels on ne peut plus vivre, ni survivre. Lorsque le RMI a \u00e9t\u00e9 mis en place, les minima sociaux repr\u00e9sentaient 50\u202f% du salaire minimum, ils ne repr\u00e9sentent plus que 43\u202f% aujourd\u2019hui, ne permettant plus d\u2019avoir acc\u00e8s aux logements sociaux. Ce n\u2019est plus possible.<\/p>\n<p>Qu\u2019attendez-vous \u2028de la conf\u00e9rence nationale \u2028de lutte contre la pauvret\u00e9 et les exclusions organis\u00e9e les 10 et 11\u202fd\u00e9cembre prochains\u2009?<\/p>\n<p>Marie-Aleth Grard. Les ateliers pr\u00e9paratoires de cette conf\u00e9rence ont d\u2019ores et d\u00e9j\u00e0 associ\u00e9 des personnes en situation d\u2019exclusion. C\u2019est une premi\u00e8re que nous tenons \u00e0 saluer. Sans cela, nous n\u2019arriverons jamais \u00e0 progresser sur cette question. Mais nous attendons du gouvernement qu\u2019il prenne pour objectif d\u2019\u00e9radiquer la mis\u00e8re lors de ce quinquennat. On en attend d\u2019autres, comme des exp\u00e9rimentations pour montrer que l\u2019on peut agir contre la pauvret\u00e9. Notre projet \u00ab\u202fUn emploi, un droit\u202f\u00bb, par exemple, a d\u00e9montr\u00e9 que des ch\u00f4meurs de longue dur\u00e9e peuvent \u00eatre employ\u00e9s en CDI.<br \/>\nEntretien r\u00e9alis\u00e9 par \u2028Pierre Duquesne Journal l&rsquo;Humanit\u00e9 du 18 Octobre 2012<\/p>\n","protected":false},"excerpt":{"rendered":"<p>\u00c9radiquer la pauvret\u00e9 doit \u00eatre un objectif affich\u00e9 du gouvernement, r\u00e9clame Marie-Aleth Grard (ATD-Quart Monde), \u00e0 l\u2019occasion de la Journ\u00e9e du refus de la mis\u00e8re. La c\u00e9l\u00e9bration de la 25e Journ\u00e9e mondiale du refus de la mis\u00e8re a \u00e9t\u00e9 l\u2019occasion &hellip; <a href=\"https:\/\/blogs.atd-quartmonde.fr\/magrard\/2012\/10\/18\/la-misere-est-une-grande-violence\/\">Continuer la lecture <span class=\"meta-nav\">&rarr;<\/span><\/a><\/p>\n","protected":false},"author":17,"featured_media":0,"comment_status":"open","ping_status":"open","sticky":false,"template":"","format":"standard","meta":{"footnotes":""},"categories":[5],"tags":[37,49],"class_list":["post-96","post","type-post","status-publish","format-standard","hentry","category-interview","tag-misere","tag-violence"],"post_mailing_queue_ids":[],"_links":{"self":[{"href":"https:\/\/blogs.atd-quartmonde.fr\/magrard\/wp-json\/wp\/v2\/posts\/96","targetHints":{"allow":["GET"]}}],"collection":[{"href":"https:\/\/blogs.atd-quartmonde.fr\/magrard\/wp-json\/wp\/v2\/posts"}],"about":[{"href":"https:\/\/blogs.atd-quartmonde.fr\/magrard\/wp-json\/wp\/v2\/types\/post"}],"author":[{"embeddable":true,"href":"https:\/\/blogs.atd-quartmonde.fr\/magrard\/wp-json\/wp\/v2\/users\/17"}],"replies":[{"embeddable":true,"href":"https:\/\/blogs.atd-quartmonde.fr\/magrard\/wp-json\/wp\/v2\/comments?post=96"}],"version-history":[{"count":0,"href":"https:\/\/blogs.atd-quartmonde.fr\/magrard\/wp-json\/wp\/v2\/posts\/96\/revisions"}],"wp:attachment":[{"href":"https:\/\/blogs.atd-quartmonde.fr\/magrard\/wp-json\/wp\/v2\/media?parent=96"}],"wp:term":[{"taxonomy":"category","embeddable":true,"href":"https:\/\/blogs.atd-quartmonde.fr\/magrard\/wp-json\/wp\/v2\/categories?post=96"},{"taxonomy":"post_tag","embeddable":true,"href":"https:\/\/blogs.atd-quartmonde.fr\/magrard\/wp-json\/wp\/v2\/tags?post=96"}],"curies":[{"name":"wp","href":"https:\/\/api.w.org\/{rel}","templated":true}]}}